										  
											  
											 {"id":513,"date":"2022-10-13T16:16:58","date_gmt":"2022-10-13T16:16:58","guid":{"rendered":"https:\/\/hallbartbyggande.com\/urbana-utmaningar\/?p=513"},"modified":"2022-10-17T09:49:40","modified_gmt":"2022-10-17T09:49:40","slug":"hog-och-laginkomsttagare-bor-lika-segregerat","status":"publish","type":"post","link":"https:\/\/hallbartbyggande.com\/urbana-utmaningar\/hog-och-laginkomsttagare-bor-lika-segregerat\/","title":{"rendered":"H\u00f6g- och l\u00e5ginkomsttagare bor lika segregerat"},"content":{"rendered":"<p>I mitten av \u00e5rets midsommarvecka presenterade Delmos<a href=\"#_ftn1\" name=\"_ftnref1\">[1]<\/a>sin \u00e5rsrapport om segregationen i Sverige. I denna tar myndigheten sikte p\u00e5 platsens betydelse och g\u00f6r dels en \u00f6versyn av boendesegregationens utveckling \u00f6ver tid (1990-2020), dels unders\u00f6ker de vilken betydelse de olika omr\u00e5destyperna har f\u00f6r barn och unga och deras framtidsutsikter g\u00e4llande framf\u00f6r allt utbildningsprestationer och arbetsmarknadsetablering.<\/p>\n<p>Den senare delen ska jag \u00e5terkomma till, den om betydelsen av platsen d\u00e4r barndomen \u00e4ger rum, som f\u00f6dd 1986 \u00e4r denna lite extra sp\u00e4nnande f\u00f6r mig d\u00e5 jag sj\u00e4lv har samma f\u00f6delse\u00e5r. Hur har platsen p\u00e5verkat mina j\u00e4mn\u00e5riga enligt denna del av studien? Platsens betydelse l\u00e4mnar jag dock som skrivet f\u00f6r nu.<\/p>\n<p>F\u00f6r allra f\u00f6rst m\u00e5ste vi, s\u00e5h\u00e4r n\u00e4r bloggen startar upp igen, ta oss an uppgiften att f\u00f6rst\u00e5 var vi befinner oss. Hur har utvecklingen g\u00e4llande boendesegregationen i Sverige sett ut \u00f6ver tid och var befinner vi oss s\u00e5h\u00e4r i b\u00f6rjan av 2020-talet?<\/p>\n<p>Myndigheten tittar i sin kartl\u00e4ggning och analys p\u00e5 den socioekonomiska segregationen och definierar denna s\u00e5h\u00e4r:<\/p>\n<p style=\"text-align: center;\"><em>\u201dMed socioekonomisk boendesegregation avses att m\u00e4nniskor eller olika grupper av m\u00e4nniskor bor \u00e5tskilda fr\u00e5n varandra och att denna \u00e5tskillnad best\u00e4ms av skillnader i tillg\u00e5ngen till ekonomiska resurser\u201d<a href=\"https:\/\/hallbartbyggande.com\/urbana-utmaningar\/hog-och-laginkomsttagare-bor-lika-segregerat\/\" name=\"_ftnref2\"><strong>[2]<\/strong><\/a>.<\/em><\/p>\n<p>I kartl\u00e4ggningen har fokus f\u00f6r Delmos varit att studera olika inkomstgruppers bos\u00e4ttningsm\u00f6nster och f\u00f6r detta har de anv\u00e4nt sig av <em>fem omr\u00e5destyper<\/em> som beskrivs enligt f\u00f6ljande:<\/p>\n<ul>\n<li><strong>Omr\u00e5destyp 1<\/strong> \u2013 Omr\u00e5den med stora socioekonomiska utmaningar<\/li>\n<li><strong>Omr\u00e5destyp 2<\/strong> \u2013 Omr\u00e5den med socioekonomiska utmaningar<\/li>\n<li><strong>Omr\u00e5destyp 3<\/strong> \u2013 Socioekonomiskt blandade omr\u00e5den<\/li>\n<li><strong>Omr\u00e5destyp 4<\/strong> \u2013 Omr\u00e5den med goda socioekonomiska f\u00f6ruts\u00e4ttningar<\/li>\n<li><strong>Omr\u00e5destyp 5<\/strong> \u2013 Omr\u00e5den med mycket goda socioekonomiska f\u00f6ruts\u00e4ttningar<a href=\"https:\/\/hallbartbyggande.com\/urbana-utmaningar\/hog-och-laginkomsttagare-bor-lika-segregerat\/\" name=\"_ftnref3\">[3]<\/a>.<\/li>\n<\/ul>\n<p>F\u00f6r att d\u00e4rtill kartl\u00e4gga boendesegregationen har myndigheten anv\u00e4nt ocks\u00e5 anv\u00e4nt sig av <em>oj\u00e4mlikhetsindex<\/em> som f\u00f6renklat visar hur f\u00f6rdelningen inom ett omr\u00e5de (ex en stad eller ett l\u00e4n, eller riket i stort) mellan h\u00f6ginkomsttagare respektive l\u00e5ginkomsttagare ser ut<a href=\"#_ftn4\" name=\"_ftnref4\">[4]<\/a>.<\/p>\n<p>Delmos sl\u00e5r fast att sett till riket som helhet s\u00e5 har boendesegregationen <em>\u00f6kat<\/em> mellan 1990-2020. Vidare skriver de att ytterkanterna av den socioekonomiska stegen, det vill s\u00e4ga h\u00f6g- respektive l\u00e5ginkomsttagare bor mest \u00e5tskilt. De noterar ocks\u00e5 att statistiken visar att det \u00e4r h\u00f6ginkomsttagare som i h\u00f6gts grad bor \u00e5tskilt fr\u00e5n andra inkomstgrupper<a href=\"#_ftn5\" name=\"_ftnref5\">[5]<\/a>.<\/p>\n<p>Kartl\u00e4ggning och analys visar ocks\u00e5 att boendesegregationen \u00e5r 2020 inte enbart finns i storst\u00e4derna utan att en majoritet av Sveriges kommuner idag \u00e4r mer segregerade \u00e4n de var f\u00f6r 30 \u00e5r sedan. Resultatet visar dock ocks\u00e5 att den stigande graden av boendesegregation som skedde mellan 1990-2010 sedan planade ut n\u00e5got.<\/p>\n<p>Anders Kessling, generaldirekt\u00f6r f\u00f6r Delmos, kommenterar rapportens resultat i myndighetens pressmeddelande:<\/p>\n<p>&#8211; Eftersom allt fler bor och v\u00e4xer upp omr\u00e5den med socioekonomiska utmaningar inneb\u00e4r det att den sociala r\u00f6rligheten riskerar att minska fram\u00f6ver. D\u00e4rf\u00f6r \u00e4r det extra viktigt att arbeta med att f\u00f6r\u00e4ndra sj\u00e4lva strukturerna som leder till och uppr\u00e4tth\u00e5ller segregationen.<\/p>\n<p>S\u00e5, den socioekonomiska boendesegregationen i Sverige har \u00f6kat de senaste 30 \u00e5ren. Tidvis i sabbare takt \u00e4n i andra faser och idag kan fenomenet som s\u00e5dant sk\u00e5das \u00f6ver riket i stort. De som har det allra b\u00e4st st\u00e4llt bor mest s\u00e4llan blandat med de som har det socioekonomiska sv\u00e5rast och denna \u00e5tskillnad har st\u00e4rkts \u00f6ver den studerade perioden.<\/p>\n<p>S\u00e5h\u00e4r vid bloggens nystart k\u00e4ndes detta som ett givet f\u00f6rsta inl\u00e4gg. En kort beskrivning av hur l\u00e4get ser ut g\u00e4llande boendesegregationen i v\u00e5rt land p\u00e5 2020-talet. Det Delmos kartlagt och analyserat samt dragit slutsatser utav \u00e4r dessutom den socioekonomiska boendesegregationen per definition (m\u00e4rkligt vore v\u00e4l annars), &#8211; det som alltid har varit en av mina k\u00e4pph\u00e4star att lyfta fram i debatten om v\u00e5ra bos\u00e4ttningsm\u00f6nster och dess kopplingar till socioekonomisk oj\u00e4mlikhet; n\u00e4mligen att det aldrig \u00e4r ett omr\u00e5de eller en stadsdel som \u00e4r segregerad utan en stad, ett l\u00e4n eller ett helt rike och att det d\u00e4rmed \u00e4r allas v\u00e5r utmaning att boendesegregation finns, \u00f6kar och breder ut sig.<\/p>\n<p>&nbsp;<\/p>\n<p>&nbsp;<\/p>\n<p><a href=\"#_ftnref1\" name=\"_ftn1\">[1]<\/a> Delegationen mot segregation<\/p>\n<p><a href=\"#_ftnref2\" name=\"_ftn2\">[2]<\/a> Ibid, s. 17 med h\u00e4nvisning till Andersson och Holmqvist 2019.<\/p>\n<p><a href=\"#_ftnref3\" name=\"_ftn3\">[3]<\/a> Ibid, s 25ff.<\/p>\n<p><a href=\"#_ftnref4\" name=\"_ftn4\">[4]<\/a> Delmos,se, 2022-10-10<\/p>\n<p><a href=\"#_ftnref5\" name=\"_ftn5\">[5]<\/a> Delmos \u00e5rsrapport 2022, s. 5.<\/p>\n","protected":false},"excerpt":{"rendered":"<p>I mitten av \u00e5rets midsommarvecka presenterade Delmos[1]sin \u00e5rsrapport om segregationen i Sverige. I denna tar myndigheten sikte p\u00e5 platsens betydelse och g\u00f6r dels en \u00f6versyn av boendesegregationens utveckling \u00f6ver tid (1990-2020), dels unders\u00f6ker de vilken betydelse de olika omr\u00e5destyperna har f\u00f6r barn och unga och deras framtidsutsikter g\u00e4llande framf\u00f6r allt utbildningsprestationer och arbetsmarknadsetablering. Den senare &#8230;<\/p>\n","protected":false},"author":68,"featured_media":506,"comment_status":"open","ping_status":"open","sticky":false,"template":"","format":"standard","meta":{"_monsterinsights_skip_tracking":false,"_monsterinsights_sitenote_active":false,"_monsterinsights_sitenote_note":"","_monsterinsights_sitenote_category":0,"_links_to":"","_links_to_target":""},"categories":[1],"tags":[102,9,23,103,11,30,6,7],"_links":{"self":[{"href":"https:\/\/hallbartbyggande.com\/urbana-utmaningar\/wp-json\/wp\/v2\/posts\/513"}],"collection":[{"href":"https:\/\/hallbartbyggande.com\/urbana-utmaningar\/wp-json\/wp\/v2\/posts"}],"about":[{"href":"https:\/\/hallbartbyggande.com\/urbana-utmaningar\/wp-json\/wp\/v2\/types\/post"}],"author":[{"embeddable":true,"href":"https:\/\/hallbartbyggande.com\/urbana-utmaningar\/wp-json\/wp\/v2\/users\/68"}],"replies":[{"embeddable":true,"href":"https:\/\/hallbartbyggande.com\/urbana-utmaningar\/wp-json\/wp\/v2\/comments?post=513"}],"version-history":[{"count":9,"href":"https:\/\/hallbartbyggande.com\/urbana-utmaningar\/wp-json\/wp\/v2\/posts\/513\/revisions"}],"predecessor-version":[{"id":546,"href":"https:\/\/hallbartbyggande.com\/urbana-utmaningar\/wp-json\/wp\/v2\/posts\/513\/revisions\/546"}],"wp:featuredmedia":[{"embeddable":true,"href":"https:\/\/hallbartbyggande.com\/urbana-utmaningar\/wp-json\/wp\/v2\/media\/506"}],"wp:attachment":[{"href":"https:\/\/hallbartbyggande.com\/urbana-utmaningar\/wp-json\/wp\/v2\/media?parent=513"}],"wp:term":[{"taxonomy":"category","embeddable":true,"href":"https:\/\/hallbartbyggande.com\/urbana-utmaningar\/wp-json\/wp\/v2\/categories?post=513"},{"taxonomy":"post_tag","embeddable":true,"href":"https:\/\/hallbartbyggande.com\/urbana-utmaningar\/wp-json\/wp\/v2\/tags?post=513"}],"curies":[{"name":"wp","href":"https:\/\/api.w.org\/{rel}","templated":true}]}}