										  
											  
											 {"id":425,"date":"2016-01-10T10:31:32","date_gmt":"2016-01-10T10:31:32","guid":{"rendered":"http:\/\/hallbartbyggande.com\/urbana-utmaningar\/?p=425"},"modified":"2016-01-12T10:16:14","modified_gmt":"2016-01-12T10:16:14","slug":"bostadssocial-statlig-utredning-ett-maste","status":"publish","type":"post","link":"https:\/\/hallbartbyggande.com\/urbana-utmaningar\/bostadssocial-statlig-utredning-ett-maste\/","title":{"rendered":"Bostadssocial statlig utredning ett m\u00e5ste"},"content":{"rendered":"<p>Boverkets generaldirekt\u00f6r Janna Valik beskrev myndighetens funderingar kring huruvida en ny modell f\u00f6r egnahemsbyggen vore en av flera l\u00f6sningar p\u00e5 bostadskrisen, s\u00e4rskilt i ljuset av flyktingkrisen, i 2015 \u00e5rs sista <span style=\"color: #3366ff\"><strong><a style=\"color: #3366ff\" href=\"http:\/\/www.svtplay.se\/video\/5192692\/agenda\/agenda-20-12-21-15\">Agenda som s\u00e4ndes i SVT 20\/12<\/a><\/strong><\/span>. Under det g\u00e5nga \u00e5ret har, om m\u00f6jligt, bostadsmarknadens kris \u00e4n mer kommit upp p\u00e5 agendan. Ja, f\u00f6r alla f\u00f6rutom m\u00f6jligen p\u00e5 den rikspolitiska agendan f\u00f6r d\u00e4rifr\u00e5n har vi i bostadfr\u00e5gan inte h\u00f6rt s\u00e4rskilt mycket vare sig innan Migrationsverket blev tvungna att l\u00e5ta m\u00e4nniskor sova under bar himmel eller efter.<\/p>\n<p>Statskontoret fick den 19:e februari i <span style=\"color: #3366ff\"><strong><a style=\"color: #3366ff\" href=\"http:\/\/www.regeringen.se\/contentassets\/c96d42c82d1a4296bd345ebc101e0256\/uppdrag-till-statskontoret-att-bedoma-statsfinansiella-konsekvenser-av-fastighetsforvarv-och-nybyggnation\">uppdrag<\/a><\/strong><\/span> av regeringen att snabbutreda m\u00f6jligheter och konsekvenser med statligt \u00e4gda asylboenden. Uppdraget kom fr\u00e5n Justitiedepartementet med rubriken <span style=\"color: #3366ff\"><strong><a style=\"color: #3366ff\" href=\"http:\/\/www.regeringen.se\/contentassets\/c96d42c82d1a4296bd345ebc101e0256\/uppdrag-till-statskontoret-att-bedoma-statsfinansiella-konsekvenser-av-fastighetsforvarv-och-nybyggnation\">Uppdrag att bed\u00f6ma statsfinansiella konsekvenser av fastighetsf\u00f6rv\u00e4rv och nybyggnation<\/a><\/strong><\/span> och redovisades sedan redan i maj i promemorian Statligt \u00e4gda asylbost\u00e4der? Kostnader och konsekvenser. Statskontoret fann i korthet att nej, statligt \u00e4gda asylboenden \u00e4r inte v\u00e4gen att g\u00e5 i nul\u00e4get utan man torde fortfarande kunna \u00e5stadkomma h\u00f6gre effektivitet, ocks\u00e5 finansiellt, genom att se \u00f6ver upphandlingsf\u00f6rfarandet. Dock skriver de att &#8220;Statskontorets bed\u00f6mning \u00e4r att det \u00e4r sv\u00e5rt att f\u00e5 en korrekt bild av dagens kostnader f\u00f6r olika typer av asylboenden. Detta begr\u00e4nsar m\u00f6jligheterna att j\u00e4mf\u00f6ra kostnaderna mellan alternativen att upphandla boendeplatser respektive att staten upphandlar och f\u00f6rvaltar asylbost\u00e4der&#8221;, vilket ocks\u00e5 civilminister Ardalan Shekarabi medger i en <span style=\"color: #3366ff\"><strong><a style=\"color: #3366ff\" href=\"http:\/\/www.svd.se\/regeringen-efter-svds-asylgranskning-vi-har-inte-koll\/om\/ardalan-shekarabi\">intervju med Svd den 18\/12<\/a><\/strong><\/span>.<\/p>\n<p>Man skulle kunna kalla det ett parallellsp\u00e5r till Statskontorets uppdrag. Under 2015 utvecklades och p\u00e5b\u00f6rjades ocks\u00e5 <span style=\"color: #3366ff\"><strong><a style=\"color: #3366ff\" href=\"http:\/\/www.migrationsverket.se\/Om-Migrationsverket\/Nyhetsarkiv\/Nyhetsarkiv-2015\/2015-03-17-Ny-bostadside-for-asylsokande-testas-i-Vastervik.html\"><em>V\u00e4sterviksl\u00f6sningen<\/em><\/a><\/strong><\/span> g\u00e4llande just ett \u00f6kat statligt ansvar f\u00f6r tillhandah\u00e5llandet av asylboenden. V\u00e4sterviksmodellen inneb\u00e4r att en kommun (pionj\u00e4rer allts\u00e5 V\u00e4stervik) bygger l\u00e4ttanpassade och flyttbara modulhus medan Migrationsverket tecknar l\u00e5ngtg\u00e5ende hyresavtal, <em>&#8220;minst sex \u00e5r eller helst \u00e4nnu l\u00e4ngre&#8221;,<\/em> vilket allts\u00e5 g\u00f6r byggandet l\u00f6nsamt f\u00f6r kommunen. M\u00e5nga fler kommuner har visat intresse f\u00f6r att prova samma system. Extra intressant \u00e4r att b\u00e5de kommun och myndighet l\u00e5tit meddela att dessa bost\u00e4der planeras ocks\u00e5 utifr\u00e5n integrationsberoende faktorer s\u00e5som att det \u00e4r modulbost\u00e4der som \u00e4r l\u00e4tta att flytta om behoven \u00e4ndras f\u00f6r de boende g\u00e4llande n\u00e4rheten till utbildning, arbete, kommunikationer, barnomsorg m.m. Modulfunktionen m\u00f6jligg\u00f6r ocks\u00e5 f\u00f6r kommunen att anpassa boendet efter andra grupper s\u00e5som studenter, nyanl\u00e4nda i etableringsfasen vid behov, och n\u00e4r behovet minskar fr\u00e5n Migrationsverket.<\/p>\n<p>Flyktingkris eller ej, s\u00e5 vet majoriteten av oss, inte minst sedan vi alla \u00e4r bostadskonsumenter, att krisen varit ett faktum l\u00e4nge. Under denna vecka har s\u00e5 flera utspel om bland annat social housing kommit fr\u00e5n Boverket (exempelvis presenterat i en <span style=\"color: #3366ff\"><strong><a style=\"color: #3366ff\" href=\"http:\/\/sverigesradio.se\/sida\/artikel.aspx?programid=83&amp;artikel=6331792\">intervju med Sveriges Radio den 6\/1<\/a><\/strong><\/span>) vilket v\u00e4ckt m\u00e5nga nya perspektiv som hittills n\u00e4stintill lyst med sin totala fr\u00e5nvaro i den svenska bostadsdebatten.<\/p>\n<p>Att lyfta ocks\u00e5 de social bostadsfr\u00e5gorna \u00e4r dock ett m\u00e5ste, att l\u00f6sa en bostadskris f\u00f6r en mycket heterogen grupp bostadskonsumenter till\u00e5ter inte att vi 2016 inte ocks\u00e5 tar de social h\u00e5llbarhetsaspekterna i beaktande. F\u00f6r detta finns m\u00e5nga olika ing\u00e5ngar och niv\u00e5er, fr\u00e5n fr\u00e5gan och Social Housing till det som Jonas Hammarlund, huvudsekreterare i <span style=\"color: #3366ff\"><strong><a style=\"color: #3366ff\" href=\"http:\/\/www.regeringen.se\/rattsdokument\/statens-offentliga-utredningar\/2015\/12\/sou-2015105\/\">byggkonkurrensutredningen<\/a><\/strong><\/span> lyfte i <span style=\"color: #3366ff\"><strong><a style=\"color: #3366ff\" href=\"http:\/\/hallbartbyggande.com\/urbana-utmaningar\/battre-konkurrens-for-okat-bostadsbyggande\/\">min intervju<\/a><\/strong><\/span> med honom straxt innan jul &#8220;n<em>\u00e5got jag personligen kommit att reflektera \u00f6ver \u00e4r om det exklusiva byggandet som vi nu ser p\u00e5 m\u00e5nga h\u00e5ll bidrar till en \u00f6verambition f\u00f6r b\u00e5de bostadsbyggandet och stadspaneringen vilket i sin tur som h\u00e4mmar bostadsbyggandet framf\u00f6r allt f\u00f6r de grupper som inte har m\u00f6jlighet att skaffa sig en exklusiv bostad. Jag menar fortfarande att vi ska ha, och vara noggranna med, att svenska bost\u00e4der h\u00e5ller en h\u00f6g standard, men fr\u00e5gan \u00e4r vad en h\u00f6g standard egentligen \u00e4r och n\u00e4r gr\u00e4nsen g\u00e5r f\u00f6r att den h\u00f6ga standarden hindrar ett bostadsbyggande med n\u00e5got f\u00f6r alla&#8221;.<br \/>\n<\/em><\/p>\n<p>Efter den l\u00e5nga raden av statliga utredningen, mycket bra s\u00e5dana med h\u00f6g kvalitet, fr\u00e5n planprocessfr\u00e5gor, byggkonkurrens, strandskydd och bost\u00e4der f\u00f6r \u00e4ldre beh\u00f6vs nu utan tvekan en \u00f6vergripande genomlysning av de nya bostadssocial perspektiven som den svenska bostadsmarknaden st\u00e5r inf\u00f6r. Och nej, jag s\u00e4llar mig inte till varken den ena eller den andra sidan g\u00e4llande varken egnahemsbyggander, social housing eller V\u00e4sterviksprojektet, jag \u00e4r genuint intresserad av en rej\u00e4l utredning d\u00e4r vi f\u00f6r svensk bostadsmarknad en g\u00e5ng f\u00f6r alla v\u00e5gar lyfta ocks\u00e5 p\u00e5 de obekv\u00e4ma stenarna, att tiga ihj\u00e4l behovet av social housing f\u00f6r att det inte \u00e4r f\u00f6renligt med svensk folkhemsmodell \u00e4r f\u00f6ga tr\u00f6stande f\u00f6r de som saknar bostad. Trots detta tror jag inte heller att vi b\u00f6r anamma varken fransk eller annan modell f\u00f6r att erbjuda bost\u00e4der f\u00f6r de som av socio-ekonomiska sk\u00e4l inte finner en p\u00e5 egen hand, men vi \u00e4r skyldiga att d\u00e4rf\u00f6r komma med andra l\u00f6sningar och d\u00e5 m\u00e5ste vi v\u00e5ga utreda och diskutera b\u00e5de social housing, socio-ekonomisk och etnisk segregation, en bostadsmarknad med noll flexibilitet och en rad andra avg\u00f6rande \u00e4mnen.<\/p>\n<div><\/div>\n","protected":false},"excerpt":{"rendered":"<p>Boverkets generaldirekt\u00f6r Janna Valik beskrev myndighetens funderingar kring huruvida en ny modell f\u00f6r egnahemsbyggen vore en av flera l\u00f6sningar p\u00e5 bostadskrisen, s\u00e4rskilt i ljuset av flyktingkrisen, i 2015 \u00e5rs sista Agenda som s\u00e4ndes i SVT 20\/12. Under det g\u00e5nga \u00e5ret har, om m\u00f6jligt, bostadsmarknadens kris \u00e4n mer kommit upp p\u00e5 agendan. Ja, f\u00f6r alla f\u00f6rutom &#8230;<\/p>\n","protected":false},"author":68,"featured_media":432,"comment_status":"open","ping_status":"open","sticky":false,"template":"","format":"standard","meta":{"_monsterinsights_skip_tracking":false,"_monsterinsights_sitenote_active":false,"_monsterinsights_sitenote_note":"","_monsterinsights_sitenote_category":0,"_links_to":"","_links_to_target":""},"categories":[1],"tags":[9,23,22,64,65,11,48,19,30,66,12,67,6,7,8,13,68],"_links":{"self":[{"href":"https:\/\/hallbartbyggande.com\/urbana-utmaningar\/wp-json\/wp\/v2\/posts\/425"}],"collection":[{"href":"https:\/\/hallbartbyggande.com\/urbana-utmaningar\/wp-json\/wp\/v2\/posts"}],"about":[{"href":"https:\/\/hallbartbyggande.com\/urbana-utmaningar\/wp-json\/wp\/v2\/types\/post"}],"author":[{"embeddable":true,"href":"https:\/\/hallbartbyggande.com\/urbana-utmaningar\/wp-json\/wp\/v2\/users\/68"}],"replies":[{"embeddable":true,"href":"https:\/\/hallbartbyggande.com\/urbana-utmaningar\/wp-json\/wp\/v2\/comments?post=425"}],"version-history":[{"count":9,"href":"https:\/\/hallbartbyggande.com\/urbana-utmaningar\/wp-json\/wp\/v2\/posts\/425\/revisions"}],"predecessor-version":[{"id":435,"href":"https:\/\/hallbartbyggande.com\/urbana-utmaningar\/wp-json\/wp\/v2\/posts\/425\/revisions\/435"}],"wp:featuredmedia":[{"embeddable":true,"href":"https:\/\/hallbartbyggande.com\/urbana-utmaningar\/wp-json\/wp\/v2\/media\/432"}],"wp:attachment":[{"href":"https:\/\/hallbartbyggande.com\/urbana-utmaningar\/wp-json\/wp\/v2\/media?parent=425"}],"wp:term":[{"taxonomy":"category","embeddable":true,"href":"https:\/\/hallbartbyggande.com\/urbana-utmaningar\/wp-json\/wp\/v2\/categories?post=425"},{"taxonomy":"post_tag","embeddable":true,"href":"https:\/\/hallbartbyggande.com\/urbana-utmaningar\/wp-json\/wp\/v2\/tags?post=425"}],"curies":[{"name":"wp","href":"https:\/\/api.w.org\/{rel}","templated":true}]}}