										  
											  
											 {"id":270,"date":"2015-08-10T08:29:23","date_gmt":"2015-08-10T08:29:23","guid":{"rendered":"http:\/\/hallbartbyggande.com\/urbana-utmaningar\/?p=270"},"modified":"2015-08-10T08:29:23","modified_gmt":"2015-08-10T08:29:23","slug":"valkommen-host-och-konkreta-visioner-om-en-fungerande-bostadsmarknad","status":"publish","type":"post","link":"https:\/\/hallbartbyggande.com\/urbana-utmaningar\/valkommen-host-och-konkreta-visioner-om-en-fungerande-bostadsmarknad\/","title":{"rendered":"V\u00e4lkommen h\u00f6st och konkreta visioner om en fungerande bostadsmarknad"},"content":{"rendered":"<p>Hj\u00e4rtligt v\u00e4lkomna tillbaka! Jag hoppas innerligt att sommaren varit b\u00e4ttre \u00e4n den v\u00e4derlek den erbjudit och att ni \u00e4r lika peppade p\u00e5 en nystart som jag. H\u00f6sten \u00e4r f\u00f6r mig o\u00e4ndligt mycket mer nystart \u00e4n vad ny\u00e5r n\u00e5gonsin kommer att bli. Kanske lever jag kvar i skolans f\u00f6rlovade planering om l\u00e4s\u00e5r hit och dit och k\u00f6per ny kalender (japp, i pappersform!) varje augusti p\u00e5 precis samma s\u00e4tt som jag inf\u00f6r \u00e5rskurs 2 k\u00f6pte nytt b\u00e4nkpapper med en stor k\u00e4nsla av f\u00f6rv\u00e4ntan f\u00f6r vad som komma skall. S\u00e5 nu k\u00f6r vi igen, och \u00e5terigen, v\u00e4lkomna tillbaka!<\/p>\n<p>***<\/p>\n<h4>Jag saknar en dimension, en grundl\u00e4ggande s\u00e5dan, i debatten om den svenska bostadsmarknaden. Man skulle kunna s\u00e4ga att det handlar om att det \u00e4r ett omr\u00e5de f\u00f6r parlamentariska \u00f6verenskommelser, men man skulle ocks\u00e5 kunna s\u00e4ga att det f\u00f6rst och fr\u00e4mst bland alla dess akt\u00f6rer handlar om att skapa en samsyn kring hur vi vill att bostadsmarknaden ska fungera.<\/h4>\n<p>Vilken \u00e4r v\u00e5r vision om bostadsmarknaden n\u00e4r vi tittar p\u00e5 den ur olika m\u00e4nniskors perspektiv <em>och sedan kopplar samman visionen med verkligheten<\/em>? Det r\u00e4cker inte med att s\u00e4ga \u201den bostad f\u00f6r alla\u201d som vision. Det \u00e4r m\u00e5h\u00e4nda absolut grundl\u00e4ggande, men visst borde vi kunna konkretisera visionen \u00e4n mer utifr\u00e5n bostadskonsumentens varierande livsvillkor och inte minst faser i livet?<\/p>\n<p>Det handlar ocks\u00e5 om vilka f\u00f6rv\u00e4ntningar vi ger v\u00e5ra barn och unga vartefter de n\u00e4rmar sig tiden f\u00f6r att flytta hemifr\u00e5n. Utifr\u00e5n egna erfarenheter kan jag tydligt se att den bild som f\u00f6rmedlades hemma vid k\u00f6ksbordet fr\u00e5n mina f\u00f6r\u00e4ldrar som aldrig drabbats av n\u00e5gon bostadsbrist inte riktigt st\u00e4mde med den verklighet jag m\u00f6ttes av d\u00e5 det var dags att flytta och b\u00f6rja plugga p\u00e5 annan ort.<\/p>\n<p>Vad f\u00f6rv\u00e4ntar vi oss av svensk bostadsmarknad? F\u00f6rv\u00e4ntar vi oss att alla ska erbjudas en hyresl\u00e4genhet n\u00e4r det \u00e4r dags att flytta hemifr\u00e5n, eller borde vi alltmer ocks\u00e5 h\u00e4r se p\u00e5 v\u00e5ra i andra sammanhang kontinentala f\u00f6rebilder? I Spanien, Frankrike och s\u00e5 n\u00e4ra som Danmark \u00e4r det kollektiva boendet oerh\u00f6rt vanligt f\u00f6r unga, medan vi f\u00f6rv\u00e4ntar oss n\u00e5got eget fr\u00e5n f\u00f6rsta b\u00f6rjan i m\u00e5nga fall. G\u00e4llande just detta h\u00f6r jag dessutom allt oftare ungdomar och studenter som vill bo kollektivt!<\/p>\n<p>Vad f\u00f6rv\u00e4ntar vi oss n\u00e4r vi b\u00f6rjar bli gamla, och vad f\u00f6rv\u00e4ntar vi oss f\u00f6r v\u00e5ra f\u00f6r\u00e4ldrar vartefter att de kommer upp i \u00e5lder? Hur vill vi bo under sm\u00e5barns\u00e5ren, under studenttiden eller den pigga medel\u00e5ldern?<\/p>\n<p>Svaren \u00e4r lika m\u00e5nga som det finns bostadskonsumenter, det \u00e4r jag v\u00e4l medveten om. Men troligen finns det en gemensam samsyn kring vilka v\u00e5ra f\u00f6rv\u00e4ntningar \u00e4r i olika skeden av livet. F\u00f6rst n\u00e4r vi har en hyfsat konkret bild av vad vi f\u00f6rv\u00e4ntar oss n\u00e4r vi s\u00e4ger att \u201dbostadsmarknaden inte fungerar\u201d kan vi b\u00f6rja prata om vilka nya bost\u00e4der som b\u00f6r byggas, var de b\u00f6r byggas, hur det befintliga best\u00e5ndet skulle kunna nyttjas b\u00e4ttre och p\u00e5 vilket s\u00e4tt lagar, regler och f\u00f6rordningar som styr bostadsmarknaden skulle kunna skruvas p\u00e5 f\u00f6r att skapa fler bost\u00e4der.<\/p>\n<p>Nu finns det visserligen inte tid att v\u00e4nta, nya bost\u00e4der beh\u00f6ver byggas nu. Men det mots\u00e4ger inte att debatten om dess nyttjande fortg\u00e5r och konkretiseras. S\u00e5, hur lyder dina f\u00f6rv\u00e4ntningar p\u00e5 den svenska bostadsmarknaden och dess funktion om du var tvungen att tydligt och konkret beskriva dem?<\/p>\n","protected":false},"excerpt":{"rendered":"<p>Hj\u00e4rtligt v\u00e4lkomna tillbaka! Jag hoppas innerligt att sommaren varit b\u00e4ttre \u00e4n den v\u00e4derlek den erbjudit och att ni \u00e4r lika peppade p\u00e5 en nystart som jag. H\u00f6sten \u00e4r f\u00f6r mig o\u00e4ndligt mycket mer nystart \u00e4n vad ny\u00e5r n\u00e5gonsin kommer att bli. Kanske lever jag kvar i skolans f\u00f6rlovade planering om l\u00e4s\u00e5r hit och dit och &#8230;<\/p>\n","protected":false},"author":68,"featured_media":271,"comment_status":"open","ping_status":"open","sticky":false,"template":"","format":"standard","meta":{"_monsterinsights_skip_tracking":false,"_monsterinsights_sitenote_active":false,"_monsterinsights_sitenote_note":"","_monsterinsights_sitenote_category":0,"_links_to":"","_links_to_target":""},"categories":[1],"tags":[9,23,22,19],"_links":{"self":[{"href":"https:\/\/hallbartbyggande.com\/urbana-utmaningar\/wp-json\/wp\/v2\/posts\/270"}],"collection":[{"href":"https:\/\/hallbartbyggande.com\/urbana-utmaningar\/wp-json\/wp\/v2\/posts"}],"about":[{"href":"https:\/\/hallbartbyggande.com\/urbana-utmaningar\/wp-json\/wp\/v2\/types\/post"}],"author":[{"embeddable":true,"href":"https:\/\/hallbartbyggande.com\/urbana-utmaningar\/wp-json\/wp\/v2\/users\/68"}],"replies":[{"embeddable":true,"href":"https:\/\/hallbartbyggande.com\/urbana-utmaningar\/wp-json\/wp\/v2\/comments?post=270"}],"version-history":[{"count":3,"href":"https:\/\/hallbartbyggande.com\/urbana-utmaningar\/wp-json\/wp\/v2\/posts\/270\/revisions"}],"predecessor-version":[{"id":274,"href":"https:\/\/hallbartbyggande.com\/urbana-utmaningar\/wp-json\/wp\/v2\/posts\/270\/revisions\/274"}],"wp:featuredmedia":[{"embeddable":true,"href":"https:\/\/hallbartbyggande.com\/urbana-utmaningar\/wp-json\/wp\/v2\/media\/271"}],"wp:attachment":[{"href":"https:\/\/hallbartbyggande.com\/urbana-utmaningar\/wp-json\/wp\/v2\/media?parent=270"}],"wp:term":[{"taxonomy":"category","embeddable":true,"href":"https:\/\/hallbartbyggande.com\/urbana-utmaningar\/wp-json\/wp\/v2\/categories?post=270"},{"taxonomy":"post_tag","embeddable":true,"href":"https:\/\/hallbartbyggande.com\/urbana-utmaningar\/wp-json\/wp\/v2\/tags?post=270"}],"curies":[{"name":"wp","href":"https:\/\/api.w.org\/{rel}","templated":true}]}}