										  
											  
											 {"id":230,"date":"2015-06-12T06:14:31","date_gmt":"2015-06-12T06:14:31","guid":{"rendered":"http:\/\/hallbartbyggande.com\/urbana-utmaningar\/?p=230"},"modified":"2015-06-19T08:54:35","modified_gmt":"2015-06-19T08:54:35","slug":"gardagens-och-framtidens-bostadspolitiska-utmaningar","status":"publish","type":"post","link":"https:\/\/hallbartbyggande.com\/urbana-utmaningar\/gardagens-och-framtidens-bostadspolitiska-utmaningar\/","title":{"rendered":"G\u00e5rdagens och framtidens bostadspolitiska utmaningar"},"content":{"rendered":"<p>Bild: mp.se\/kongress, 2015-06-12<\/p>\n<h4>Idag b\u00f6rjar Milj\u00f6partiets kongress som de valt att kalla \u201dNu bygger vi Sverige\u201d. Kongressen ska p\u00e5g\u00e5 mellan den 12-14 juni i \u00d6rebro och \u00f6ppnas med en f\u00f6rmiddag som bjuder p\u00e5 framtr\u00e4danden av b\u00e5de \u00c5sa Romson och Mehmet Kaplan. \u00d6rebro \u00e4r f\u00f6r \u00f6vrigt den stad d\u00e4r Milj\u00f6partiet en g\u00e5ng grundades.<\/h4>\n<p>P\u00e5 Dagens Samh\u00e4lles webb skriver partiets representant Daniel Helld\u00e9n, trafikborgarr\u00e5d i Stockholms, Ulf Kamne, stadsutveckling- och milj\u00f6kommunalr\u00e5d i G\u00f6teborg och Karolina Skog, stadsbyggnadskommunalr\u00e5d i Malm\u00f6, om hur de tre storst\u00e4derna g\u00e5r f\u00f6re i utvecklingen av den h\u00e5llbara staden (Dagens Samh\u00e4lle, 12\/6-15). Debattinl\u00e4gget po\u00e4ngterar dock den h\u00e5llbara stadens behov och grundl\u00e4ggande n\u00f6dv\u00e4ndighet av lokala variationer. I inl\u00e4gget l\u00e4ggs en tyngd vid att den h\u00e5llbara staden ska byggas f\u00f6r m\u00e4nniskor med vanliga inkomster.<\/p>\n<p>Vikten av att bygga och utveckla v\u00e5ra st\u00e4der f\u00f6r \u201dden vanliga m\u00e4nniskan\u201d var ocks\u00e5 en av de fr\u00e4msta po\u00e4nger som den f\u00f6rre bostadsministern Stefan Attefall framf\u00f6rde vid ett seminarium om sin tid som minister under g\u00e5rdagen. Attefall lyfte behovet av att s\u00e4rskilt fokusera p\u00e5 tv\u00e5 delar i arbetet med att motverka den omdebatterade bostadsbristen vilket \u00e4r av betydelse ocks\u00e5 f\u00f6r stadsutvecklingen; 1) \u00f6kad r\u00f6rlighet och 2) den sociala dimensionen.<\/p>\n<p><a href=\"http:\/\/hallbartbyggande.com\/urbana-utmaningar\/wp-content\/blogs.dir\/sites\/67\/2015\/06\/2013-08-10stefan-attefall-i-topp-hos-kd.jpg\"><img decoding=\"async\" loading=\"lazy\" class=\"alignnone size-full wp-image-231 aligncenter\" src=\"http:\/\/hallbartbyggande.com\/urbana-utmaningar\/wp-content\/blogs.dir\/sites\/67\/2015\/06\/2013-08-10stefan-attefall-i-topp-hos-kd.jpg\" alt=\"2013-08-10stefan-attefall-i-topp-hos-kd\" width=\"468\" height=\"320\" srcset=\"https:\/\/hallbartbyggande.com\/urbana-utmaningar\/wp-content\/blogs.dir\/sites\/67\/2015\/06\/2013-08-10stefan-attefall-i-topp-hos-kd.jpg 468w, https:\/\/hallbartbyggande.com\/urbana-utmaningar\/wp-content\/blogs.dir\/sites\/67\/2015\/06\/2013-08-10stefan-attefall-i-topp-hos-kd-200x137.jpg 200w\" sizes=\"(max-width: 468px) 100vw, 468px\" \/><\/a><\/p>\n<h5 style=\"text-align: center\">Stefan Attefall, bostadsminister 2010-2014.<\/h5>\n<p>Attefall framtr\u00e4dde hos Fastighets\u00e4garna Stockholm d\u00e4r han presenterade en rapport som han f\u00e5tt m\u00f6jlighet att skriva p\u00e5 uppdrag av intresse- och branschorganisationen. Rapporten summerar vad som skedde inom det bostadspolitiska omr\u00e5det mellan \u00e5ren 2010-2014 d\u00e5 Attefall satt i regeringen och sammanfattar \u00e4ven i vilket l\u00e4ge den nationella bostadspolitiken befinner sig i dags dato.<\/p>\n<p>Under framtr\u00e4dandet beskriver Attefall tv\u00e5 viktiga delar att fundera \u00f6ver som vi inom branschen m\u00e5ste ha med oss i det dagliga arbetet. F\u00f6r det f\u00f6rsta ber\u00e4ttade Attefall om flera studiebes\u00f6k han genomf\u00f6rt runt om i landet d\u00e4r nya, framg\u00e5ngsrika och moderna stadsbyggnadsprojekt p\u00e5g\u00e5r. N\u00e5got han alltid brukar fr\u00e5ga \u00e4r hur man t\u00e4nkt kring att skapa en blandning av bost\u00e4der f\u00f6r m\u00e4nniskor med olika pl\u00e5nb\u00f6cker, &#8211; och n\u00e4stan alltid fick han svaret att \u201ds\u00e5 har vi inte t\u00e4nkt\u201d. Hur kan det vara s\u00e5 att vi fortfarande idag inte funderar \u00f6ver m\u00f6jligheterna f\u00f6r olika typer av boenden i de stadsutvecklingsprojekt vi tar oss an? Exempelvis ber\u00e4ttade Attefall att han i fallet Norra Djurg\u00e5rdsstaden i Stockholm f\u00f6reslagit att man kanske skulle ha tittat p\u00e5 att bygga n\u00e5gra av SABOs kombohus f\u00f6r att komplettera de andra (mycket dyrare) bost\u00e4derna. Men s\u00e5 hade man inte t\u00e4nkt.<\/p>\n<p style=\"text-align: center\">\u00a0<a href=\"http:\/\/hallbartbyggande.com\/urbana-utmaningar\/wp-content\/blogs.dir\/sites\/67\/2015\/06\/Kombo3.jpg\"><img decoding=\"async\" loading=\"lazy\" class=\"alignnone size-full wp-image-234\" src=\"http:\/\/hallbartbyggande.com\/urbana-utmaningar\/wp-content\/blogs.dir\/sites\/67\/2015\/06\/Kombo3.jpg\" alt=\"Kombo3\" width=\"480\" height=\"313\" srcset=\"https:\/\/hallbartbyggande.com\/urbana-utmaningar\/wp-content\/blogs.dir\/sites\/67\/2015\/06\/Kombo3.jpg 480w, https:\/\/hallbartbyggande.com\/urbana-utmaningar\/wp-content\/blogs.dir\/sites\/67\/2015\/06\/Kombo3-200x130.jpg 200w\" sizes=\"(max-width: 480px) 100vw, 480px\" \/><\/a><\/p>\n<h5 style=\"text-align: center\">SABOs Kombohus.<\/h5>\n<p>F\u00f6r det andra tog Attefall upp behovet av att utveckla och \u00e4n mer diskutera bostadsmarknadens sociala dimensioner. Kring detta fick han medh\u00e5ll fr\u00e5n kollegorna Johan L\u00f6fstrand (s) och Emma Hult (Mp) som b\u00e5da \u00e4r ledam\u00f6ter i riksdagens civilutskott. Det m\u00e5ste fram fler kreativa och nydanande s\u00e4tt att skapa boendeformer ocks\u00e5 f\u00f6r de som inte kan bekosta varken en nyproducerad hyres- eller bostadsr\u00e4tt. De tre var r\u00f6rande \u00f6verens om att vi m\u00e5ste v\u00e5ga prova mer nytt, v\u00e5ga bryta gamla m\u00f6nster och v\u00e5ga se att detta faktiskt \u00e4r b\u00e5de bostadsbristen och den sociala dimensionen av den \u00e4r problem som g\u00e5r att l\u00f6sa. Bland annat diskuterade de hur till- och fr\u00e5nval i hyresl\u00e4genheter blir allt vanligare f\u00f6r att ge hyresg\u00e4sten en m\u00f6jlighet att reglera sin hyra. Det borde ocks\u00e5 g\u00e5 att ha b\u00e5de bostadsr\u00e4tt- och hyresr\u00e4tter i samma trappuppg\u00e5ng f\u00f6r att motverka boendesegregerade st\u00e4der uppdelade efter socioekonomiska m\u00f6nster menade de.<\/p>\n<p>De tre var dessutom r\u00f6rande \u00f6verens om att det fr\u00e5n politikens sida finns ett stort och viktigt ansvar f\u00f6r alla politiker oavsett niv\u00e5 (lokal, regional som nationell) att ta. Det g\u00e4ller f\u00f6r bostadspolitikens f\u00f6retr\u00e4dare att skapa en f\u00f6rst\u00e5else f\u00f6r att bostadsfr\u00e5gorna inte kan bedrivas i ett avgr\u00e4nsade stupr\u00f6r. Bostadspolitiken \u00e4r oerh\u00f6rt n\u00e4ra angr\u00e4nsande till de flesta andra politiska omr\u00e5den s\u00e5som arbetsmarknad, ekonomi, juridik, utbildning m.m., och ska man tro Attefall \u00e4r ett av en bostadsministers st\u00f6rsta ansvar att agera samordnare mellan alla dessa intressen. Attefall menade att det framf\u00f6r allt ibland kan saknas en f\u00f6rst\u00e5else hos de som brinner extra f\u00f6r en annan fr\u00e5ga och riktade h\u00e4r \u00e4ven kritik mot den egna regeringen.<\/p>\n<p>Avslutningsvis var de tre representanterna fr\u00e5n Kd, S och Mp r\u00f6rande \u00f6verens om att bostadspolitiken framgent \u00e4n mer beh\u00f6ver betraktas som ett omr\u00e5de f\u00f6r b\u00e5de block- och parti\u00f6verenskommelser. Ja, de f\u00f6respr\u00e5kade till och med en parlamentarisk kommitt\u00e9.<\/p>\n<p>N\u00e5gra av er kanske mer t\u00e4nker p\u00e5 den 13\/6 som prinsbr\u00f6llopsdag och att det \u00e4r dags f\u00f6r V\u00e4tternrundan. Jag kommer dock ocks\u00e5 att noggrant att f\u00f6lja Milj\u00f6partiets kongress i \u00d6rebro i hopp om att det nu m\u00e5ste komma en tydligare manifestation kring vad det \u00e4r man vill med bostads- och stadsutvecklingen fram till 2018.<\/p>\n","protected":false},"excerpt":{"rendered":"<p>Bild: mp.se\/kongress, 2015-06-12 Idag b\u00f6rjar Milj\u00f6partiets kongress som de valt att kalla \u201dNu bygger vi Sverige\u201d. Kongressen ska p\u00e5g\u00e5 mellan den 12-14 juni i \u00d6rebro och \u00f6ppnas med en f\u00f6rmiddag som bjuder p\u00e5 framtr\u00e4danden av b\u00e5de \u00c5sa Romson och Mehmet Kaplan. \u00d6rebro \u00e4r f\u00f6r \u00f6vrigt den stad d\u00e4r Milj\u00f6partiet en g\u00e5ng grundades. P\u00e5 Dagens Samh\u00e4lles &#8230;<\/p>\n","protected":false},"author":68,"featured_media":232,"comment_status":"open","ping_status":"open","sticky":false,"template":"","format":"standard","meta":{"_monsterinsights_skip_tracking":false,"_monsterinsights_sitenote_active":false,"_monsterinsights_sitenote_note":"","_monsterinsights_sitenote_category":0,"_links_to":"","_links_to_target":""},"categories":[1],"tags":[23,22,24,25,21,20],"_links":{"self":[{"href":"https:\/\/hallbartbyggande.com\/urbana-utmaningar\/wp-json\/wp\/v2\/posts\/230"}],"collection":[{"href":"https:\/\/hallbartbyggande.com\/urbana-utmaningar\/wp-json\/wp\/v2\/posts"}],"about":[{"href":"https:\/\/hallbartbyggande.com\/urbana-utmaningar\/wp-json\/wp\/v2\/types\/post"}],"author":[{"embeddable":true,"href":"https:\/\/hallbartbyggande.com\/urbana-utmaningar\/wp-json\/wp\/v2\/users\/68"}],"replies":[{"embeddable":true,"href":"https:\/\/hallbartbyggande.com\/urbana-utmaningar\/wp-json\/wp\/v2\/comments?post=230"}],"version-history":[{"count":4,"href":"https:\/\/hallbartbyggande.com\/urbana-utmaningar\/wp-json\/wp\/v2\/posts\/230\/revisions"}],"predecessor-version":[{"id":238,"href":"https:\/\/hallbartbyggande.com\/urbana-utmaningar\/wp-json\/wp\/v2\/posts\/230\/revisions\/238"}],"wp:featuredmedia":[{"embeddable":true,"href":"https:\/\/hallbartbyggande.com\/urbana-utmaningar\/wp-json\/wp\/v2\/media\/232"}],"wp:attachment":[{"href":"https:\/\/hallbartbyggande.com\/urbana-utmaningar\/wp-json\/wp\/v2\/media?parent=230"}],"wp:term":[{"taxonomy":"category","embeddable":true,"href":"https:\/\/hallbartbyggande.com\/urbana-utmaningar\/wp-json\/wp\/v2\/categories?post=230"},{"taxonomy":"post_tag","embeddable":true,"href":"https:\/\/hallbartbyggande.com\/urbana-utmaningar\/wp-json\/wp\/v2\/tags?post=230"}],"curies":[{"name":"wp","href":"https:\/\/api.w.org\/{rel}","templated":true}]}}