										  
											  
											 {"id":215,"date":"2015-06-02T19:39:33","date_gmt":"2015-06-02T19:39:33","guid":{"rendered":"http:\/\/hallbartbyggande.com\/urbana-utmaningar\/?p=215"},"modified":"2015-06-19T08:55:34","modified_gmt":"2015-06-19T08:55:34","slug":"vi-ar-varldsbasta-pa-att-ta-fram-handlingsplaner-men-usla-pa-att-handla","status":"publish","type":"post","link":"https:\/\/hallbartbyggande.com\/urbana-utmaningar\/vi-ar-varldsbasta-pa-att-ta-fram-handlingsplaner-men-usla-pa-att-handla\/","title":{"rendered":"Vi \u00e4r v\u00e4rldsb\u00e4sta p\u00e5 att ta fram handlingsplaner &#8211; men usla p\u00e5 att handla"},"content":{"rendered":"<p>Bild: Lillemor Hult, 2015<\/p>\n<p>Jag \u00e4r s\u00e5 tr\u00f6tt. Tr\u00f6tt p\u00e5 f\u00f6rsommaren som f\u00f6rsvann. Tr\u00f6tt p\u00e5 mycket snack och lite verkstad. Tr\u00f6tt p\u00e5 att problemen ofta \u00e4r identifierade men inte \u00e5tg\u00e4rdas. Tr\u00f6tt p\u00e5 att det urbana klimatet bokstavligen h\u00e5rdnat, &#8211; asfalten och betongen breder ut sig och de vassa armb\u00e5garna blir allt fler. Det d\u00e4r jobbet \u00e4r MITT, den d\u00e4r f\u00f6rskoleplatsen \u00e4r V\u00c5R, och den d\u00e4r sista platsen p\u00e5 det popul\u00e4ra spinningpasset, den min v\u00e4n, \u00e4r ocks\u00e5 MIN. Vad trodde du?<\/p>\n<p>I min profession h\u00e4nder det att jag titt som t\u00e4tt (allt oftare?) sitter p\u00e5 m\u00f6ten med akt\u00f6rer fullt kapabla att \u00e5stadkomma en f\u00f6r\u00e4ndring. S\u00e4rskilt tycks jag ofta, av intresse och engagemang, befinna mig i forum d\u00e4r problematiken kring det r\u00e5dande utanf\u00f6rskapet i (stor-) st\u00e4dernas f\u00f6rorter diskuteras. Jag \u00e4r med p\u00e5 m\u00f6ten, jag h\u00f6r interpellationsdebatter i riksdagen, jag h\u00f6r ministrar och generaldirekt\u00f6rer i Ekots l\u00f6rdagsintervjuer, jag \u00e4r p\u00e5 konferenser d\u00e4r \u00e4nnu fler samlats p\u00e5 en och samma plats f\u00f6r att prata om den komplexa bild som ligger till grund f\u00f6r det breda utanf\u00f6rskapet och dess konsekvenser. Men, &#8211; jag h\u00f6r precis samma sak. \u00d6verallt. Jag h\u00f6r och vet att vi vet. Att alla vet. Att du och jag, makthavare och ansvariga vet vilka problemen \u00e4r. Och vet, jag tror att om det bakom orden fanns en real vilja att faktiskt f\u00f6r\u00e4ndra, ja d\u00e5 skulle det ha h\u00e4nt femtio g\u00e5nger mer bara under min tid som yrkesverksam (ca 14 \u00e5r) \u00e4n vad som faktiskt h\u00e4nt p\u00e5 flera decennier.<\/p>\n<p>Men, jag \u00e4r ocks\u00e5 glad f\u00f6r att vi faktiskt vet. Vi vet vilka problemen \u00e4r och s\u00e5ledes \u00e4ven hur de kan l\u00f6sas och f\u00f6rebyggas fram\u00f6ver. I mitten av mars var jag p\u00e5 en konferens anordnad av BR\u00c5 \u201dTrygghet \u2013 allas v\u00e5r r\u00e4ttighet\u201d och p\u00e5 ett seminarium sade en man precis detta. En man fr\u00e5n en av Stockholms f\u00f6rorter med \u00f6ver 25 \u00e5rs erfarenhet sa precis det jag vill f\u00f6rmedla med detta inl\u00e4gg, \u201dvi \u00e4r v\u00e4rldsb\u00e4st i Sverige p\u00e5 att analysera, konkretisera, utv\u00e4rdera problembilderna och att d\u00e4rtill ta fram handlingsplaner. Vi \u00e4r b\u00e4st i v\u00e4rlden p\u00e5 att g\u00f6ra handlingsplaner och att ta fram \u00e5tg\u00e4rder, &#8211; och \u00e4nd\u00e5 pratar vi om, och om, och om, igen om vad som \u00e4r problemet. Det \u00e4r d\u00e4r vi g\u00e5r fel och det \u00e4r d\u00e4rf\u00f6r ingenting h\u00e4nder\u201d. Jag \u00e4r glad att vi vet, f\u00f6r det \u00e4r f\u00f6rst d\u00e5 vi kan g\u00f6ra n\u00e5got. Och det m\u00e5ste vi, g\u00f6ra n\u00e5got, och det nu!<\/p>\n","protected":false},"excerpt":{"rendered":"<p>Bild: Lillemor Hult, 2015 Jag \u00e4r s\u00e5 tr\u00f6tt. Tr\u00f6tt p\u00e5 f\u00f6rsommaren som f\u00f6rsvann. Tr\u00f6tt p\u00e5 mycket snack och lite verkstad. Tr\u00f6tt p\u00e5 att problemen ofta \u00e4r identifierade men inte \u00e5tg\u00e4rdas. Tr\u00f6tt p\u00e5 att det urbana klimatet bokstavligen h\u00e5rdnat, &#8211; asfalten och betongen breder ut sig och de vassa armb\u00e5garna blir allt fler. Det d\u00e4r jobbet &#8230;<\/p>\n","protected":false},"author":68,"featured_media":216,"comment_status":"open","ping_status":"open","sticky":false,"template":"","format":"standard","meta":{"_monsterinsights_skip_tracking":false,"_monsterinsights_sitenote_active":false,"_monsterinsights_sitenote_note":"","_monsterinsights_sitenote_category":0,"_links_to":"","_links_to_target":""},"categories":[1],"tags":[26,27,30,29,7,28],"_links":{"self":[{"href":"https:\/\/hallbartbyggande.com\/urbana-utmaningar\/wp-json\/wp\/v2\/posts\/215"}],"collection":[{"href":"https:\/\/hallbartbyggande.com\/urbana-utmaningar\/wp-json\/wp\/v2\/posts"}],"about":[{"href":"https:\/\/hallbartbyggande.com\/urbana-utmaningar\/wp-json\/wp\/v2\/types\/post"}],"author":[{"embeddable":true,"href":"https:\/\/hallbartbyggande.com\/urbana-utmaningar\/wp-json\/wp\/v2\/users\/68"}],"replies":[{"embeddable":true,"href":"https:\/\/hallbartbyggande.com\/urbana-utmaningar\/wp-json\/wp\/v2\/comments?post=215"}],"version-history":[{"count":1,"href":"https:\/\/hallbartbyggande.com\/urbana-utmaningar\/wp-json\/wp\/v2\/posts\/215\/revisions"}],"predecessor-version":[{"id":217,"href":"https:\/\/hallbartbyggande.com\/urbana-utmaningar\/wp-json\/wp\/v2\/posts\/215\/revisions\/217"}],"wp:featuredmedia":[{"embeddable":true,"href":"https:\/\/hallbartbyggande.com\/urbana-utmaningar\/wp-json\/wp\/v2\/media\/216"}],"wp:attachment":[{"href":"https:\/\/hallbartbyggande.com\/urbana-utmaningar\/wp-json\/wp\/v2\/media?parent=215"}],"wp:term":[{"taxonomy":"category","embeddable":true,"href":"https:\/\/hallbartbyggande.com\/urbana-utmaningar\/wp-json\/wp\/v2\/categories?post=215"},{"taxonomy":"post_tag","embeddable":true,"href":"https:\/\/hallbartbyggande.com\/urbana-utmaningar\/wp-json\/wp\/v2\/tags?post=215"}],"curies":[{"name":"wp","href":"https:\/\/api.w.org\/{rel}","templated":true}]}}