										  
											  
											 {"id":212,"date":"2015-06-01T15:36:00","date_gmt":"2015-06-01T15:36:00","guid":{"rendered":"http:\/\/hallbartbyggande.com\/urbana-utmaningar\/?p=212"},"modified":"2015-06-19T08:56:23","modified_gmt":"2015-06-19T08:56:23","slug":"vad-vet-du-om-dina-narmaste","status":"publish","type":"post","link":"https:\/\/hallbartbyggande.com\/urbana-utmaningar\/vad-vet-du-om-dina-narmaste\/","title":{"rendered":"Vad vet du om dina n\u00e4rmaste?"},"content":{"rendered":"<p>Funderar mycket i dessa dagar p\u00e5 alla dessa m\u00e4nniskor i v\u00e5r n\u00e4rhet som vi inte vet n\u00e5gonting om. Vet du ens vilket k\u00f6n dina grannar har? I min trappuppg\u00e5ng bor Andersson, Eriksson, Majroos, Linsdahl, Ali, Alsani och n\u00e5gra fler. Jag kan kanske urs\u00e4kta mig med att jag flyttade in i februari i \u00e5r, men av alla dessa, mina grannar, vet jag vilka tv\u00e5 \u00e4r. Ja allts\u00e5, jag vet att den ena \u00e4r en man p\u00e5 ca 35 \u00e5r (vi verkar komma hem fr\u00e5n jobb ungef\u00e4r samtidigt och s\u00e4ger d\u00e4rf\u00f6r lite halvt besv\u00e4rat hej runt 18-tiden m\u00e5ndag till och med fredag) och den andra en \u00e4ldre dam som bott i huset i 35 \u00e5r (vi bytte tv\u00e5 ord i tv\u00e4ttstugan). Men sedan vet jag inget mer \u00e4n vad namnskyltarna f\u00f6rt\u00e4ljer, det vill s\u00e4ga n\u00e4stan inget.<\/p>\n<p>Jag vet att n\u00e5gra har hund f\u00f6r det har jag h\u00f6rt av skall som g\u00e5r genom v\u00e4ggarna och p\u00e5 en d\u00f6rr sitter det en s\u00e5dan d\u00e4r triangel i gult och svart som meddelar att h\u00e4r finns en hund, och jag vet att det n\u00e5gonstans bor ett barn som \u00e4r i \u00e5ldern att beh\u00f6va en vagn med b\u00e5de ligg- och sittm\u00f6jligheter. Sedan vet jag ingenting. Och nej, jag har inte googlat. Det kunde jag ha gjort, men det \u00e4r inte det jag menar med k\u00e4nner. Jag menar K\u00c4NNER \u2013 allts\u00e5, p\u00e5 riktigt skulle jag inte kunna avg\u00f6ra om jag m\u00f6tte en person i min egen trappuppg\u00e5ng om den personen h\u00f6r hemma d\u00e4r eller inte. Jag skulle inte ha en aning.<\/p>\n<p>Jag vet ingenting om vem som bor p\u00e5 andra sidan av mina v\u00e4ggar, om han, hon eller hen som har tv\u00e4ttiden innan eller efter mig, om varf\u00f6r alla p\u00e5 nedersta planet l\u00e4ser DN medan de p\u00e5 plan tv\u00e5 verkar l\u00e4sa Svd. Jag vet inte \u2026 \u00c4r det s\u00e5 i din trappuppg\u00e5ng ocks\u00e5, att morgontidningarna \u00e4r f\u00f6rdelade efter v\u00e5ningsplan? P\u00e5 min v\u00e5ning tycks ingen l\u00e4sa, eller i vilket fall prenumerera p\u00e5, en morgontidning i pappersform f\u00f6rutom min Fokus som kommer var fredagsmorgon.<\/p>\n<p>Man skulle h\u00e4r kunna kasta in argument och teorier fr\u00e5n l\u00e5t s\u00e4ga Manuel Castells bok <em>The Identity of Power (2011) <\/em>d\u00e4r han presenterar ett neoliberalt perspektiv f\u00f6r att behovet av n\u00e4rheten till de vi har omkring oss inte l\u00e4ngre \u00e4r lika viktigt som f\u00f6rr. Han menar att vi numera med teknikens hj\u00e4lp kan hitta v\u00e5ra j\u00e4mlikar likv\u00e4l p\u00e5 andra sidan jorden som i kvarteret med hj\u00e4lp av internet och Facebook, Google+ and you name it. Och visst \u00e4r det s\u00e5, till viss del. Men mina j\u00e4mlikar och v\u00e4nner i de communities jag \u00e4r med i ute i cyperspace med personer fr\u00e5n hela v\u00e4rlden ger mig inte den fysiska m\u00e4nskliga n\u00e4rheten, tryggheten eller ens bekr\u00e4ftelsen.<\/p>\n<p>Om jag inte kan avg\u00f6ra om den jag m\u00f6ter i min egen trappuppg\u00e5ng bor d\u00e4r kan jag heller inte bidra till omr\u00e5dets sociala kontroll. Jag kan inte bed\u00f6ma om det \u00e4r ett barnbarn i f\u00e4rd med att hj\u00e4lpa sin mormor eller farmor b\u00e4ra bort tv:n och soffan, eller om det rent av beg\u00e5s ett brott.<\/p>\n<p>Man kan sedan ocks\u00e5 v\u00e4nda p\u00e5 det och dels diskutera hur mycket vi vill att andra ska veta om oss och hur p\u00e5tr\u00e4ngande vi vill vara. Men att veta vilka vi har omkring oss och vilka som bor var \u00e4r inte samma sak som att bjuda in hela flerbostadshuset p\u00e5 middag. Jag m\u00e5 vara gammaldags, och det m\u00e5 bo en tant i mig, men visst vill vi \u00e4nd\u00e5 tro att en granne reagerar om n\u00e5gon b\u00e4r bort v\u00e5ra \u00e4godelar n\u00e4r vi \u00e4r iv\u00e4g p\u00e5 semester? Eller att n\u00e5gon reagerar om 3-\u00e5ringen pl\u00f6tsligt en dag lyckas (ve och fasa!) \u00f6ppna ytterd\u00f6rren och ett steg i taget r\u00f6ra sig mot entr\u00e9d\u00f6rren och trafiken? Jag tror att vi vill veta, att vi vill dela med oss, att vi vill hj\u00e4lpas \u00e5t och f\u00e5 hj\u00e4lp av andra n\u00e4r vi beh\u00f6ver. Det mellanm\u00e4nskliga m\u00f6tet kan aldrig \u00f6verskattas. Inte heller nu i den digitala v\u00e4rlds\u00e5lderns som Castells pratar om.<\/p>\n","protected":false},"excerpt":{"rendered":"<p>Funderar mycket i dessa dagar p\u00e5 alla dessa m\u00e4nniskor i v\u00e5r n\u00e4rhet som vi inte vet n\u00e5gonting om. Vet du ens vilket k\u00f6n dina grannar har? I min trappuppg\u00e5ng bor Andersson, Eriksson, Majroos, Linsdahl, Ali, Alsani och n\u00e5gra fler. Jag kan kanske urs\u00e4kta mig med att jag flyttade in i februari i \u00e5r, men av &#8230;<\/p>\n","protected":false},"author":68,"featured_media":213,"comment_status":"open","ping_status":"open","sticky":false,"template":"","format":"standard","meta":{"_monsterinsights_skip_tracking":false,"_monsterinsights_sitenote_active":false,"_monsterinsights_sitenote_note":"","_monsterinsights_sitenote_category":0,"_links_to":"","_links_to_target":""},"categories":[1],"tags":[33,34,32,7,31],"_links":{"self":[{"href":"https:\/\/hallbartbyggande.com\/urbana-utmaningar\/wp-json\/wp\/v2\/posts\/212"}],"collection":[{"href":"https:\/\/hallbartbyggande.com\/urbana-utmaningar\/wp-json\/wp\/v2\/posts"}],"about":[{"href":"https:\/\/hallbartbyggande.com\/urbana-utmaningar\/wp-json\/wp\/v2\/types\/post"}],"author":[{"embeddable":true,"href":"https:\/\/hallbartbyggande.com\/urbana-utmaningar\/wp-json\/wp\/v2\/users\/68"}],"replies":[{"embeddable":true,"href":"https:\/\/hallbartbyggande.com\/urbana-utmaningar\/wp-json\/wp\/v2\/comments?post=212"}],"version-history":[{"count":1,"href":"https:\/\/hallbartbyggande.com\/urbana-utmaningar\/wp-json\/wp\/v2\/posts\/212\/revisions"}],"predecessor-version":[{"id":214,"href":"https:\/\/hallbartbyggande.com\/urbana-utmaningar\/wp-json\/wp\/v2\/posts\/212\/revisions\/214"}],"wp:featuredmedia":[{"embeddable":true,"href":"https:\/\/hallbartbyggande.com\/urbana-utmaningar\/wp-json\/wp\/v2\/media\/213"}],"wp:attachment":[{"href":"https:\/\/hallbartbyggande.com\/urbana-utmaningar\/wp-json\/wp\/v2\/media?parent=212"}],"wp:term":[{"taxonomy":"category","embeddable":true,"href":"https:\/\/hallbartbyggande.com\/urbana-utmaningar\/wp-json\/wp\/v2\/categories?post=212"},{"taxonomy":"post_tag","embeddable":true,"href":"https:\/\/hallbartbyggande.com\/urbana-utmaningar\/wp-json\/wp\/v2\/tags?post=212"}],"curies":[{"name":"wp","href":"https:\/\/api.w.org\/{rel}","templated":true}]}}