										  
											  
											 {"id":167,"date":"2015-04-25T11:34:04","date_gmt":"2015-04-25T11:34:04","guid":{"rendered":"http:\/\/hallbartbyggande.com\/urbana-utmaningar\/?p=167"},"modified":"2015-06-19T09:01:28","modified_gmt":"2015-06-19T09:01:28","slug":"fattigdomen-och-utanforskapet-pa-var-bakgard-syns-nu-i-ljuset-vems-ansvar-och-vilka-ar-losningarna","status":"publish","type":"post","link":"https:\/\/hallbartbyggande.com\/urbana-utmaningar\/fattigdomen-och-utanforskapet-pa-var-bakgard-syns-nu-i-ljuset-vems-ansvar-och-vilka-ar-losningarna\/","title":{"rendered":"Fattigdomen och utanf\u00f6rskapet p\u00e5 v\u00e5r bakg\u00e5rd syns nu i ljuset &#8211; vems ansvar och vilka \u00e4r l\u00f6sningarna?"},"content":{"rendered":"<p>Ett \u00e4mne som engagerar, irriterar och skaver hos de flesta av oss \u00e4r de arma m\u00e4nniskor som sitter utanf\u00f6r matbutiken, i tunnelbanan, utanf\u00f6r caf\u00e9et och i n\u00e4rheten av f\u00f6rskolan, tiggarna. Under de senaste \u00e5ren har antalet fattiga EU- och EES-migranter p\u00e5 v\u00e5ra gator med en mugg i handen blivit allt fler. Varje dag skrivs spaltmeter om olagliga boplatser, om avhysningar, om fastighets\u00e4gare som s\u00e4tter upp hinder f\u00f6r att motverka att dessa m\u00e4nniskor finner sin sovplats inomhus och om politiska uttalanden i samma \u00e4mne. Det vi h\u00f6r och l\u00e4ser \u00e4r att det fr\u00e4mst \u00e4r romer fr\u00e5n Rum\u00e4nien och Bulgarien, och det \u00e4r den stora majoriteten. Men att Eurostat presenterat statiskt som visar att antalet individer som riskerar att hamna i fattigdom och social utslagning 2013 var hela 24,5 % av EU:s medborgare ( en \u00f6kning med 6 miljoner sedan 2008) pratas det mer s\u00e4llan om.<\/p>\n<p>Jag har l\u00e4nge velat skriva om detta, men \u00e4mnets komplexitet \u00e4r oerh\u00f6rd. I vilken \u00e4nde ska man b\u00f6rja? I den vad g\u00e4ller fattigdomen i Europa? I den som g\u00e4ller den ekonomiska krisen i s\u00f6dra Europa som minskat antalet s\u00e4songjobb som tidigare lockade dessa m\u00e4nniskor till Spanien och Italiens jordbruk f\u00f6r att tj\u00e4na en slant? I fr\u00e5gan om den utpr\u00e4glade och mycket djupa diskriminering som romerna utsatts f\u00f6r under m\u00e5nga hundra \u00e5r? Det enda som f\u00f6r mig k\u00e4nns n\u00e5gorlunda rimligt \u00e4r att b\u00f6rja i den \u00e4nde som handlar om att det \u00e4r medm\u00e4nniskor vi talar om. Att detta \u00e4r systrar, br\u00f6der, v\u00e4nner, d\u00f6ttrar och s\u00f6ner, morf\u00f6r\u00e4ldrar och farf\u00f6r\u00e4ldrar precis som du och jag. Och de, ocks\u00e5 likt du och jag och alla andra, skall behandlas i enlighet med internationella konventioner om m\u00e4nskliga r\u00e4ttigheter. Punkt. N\u00e5got annat kommer inte ifr\u00e5ga. Likv\u00e4l uppst\u00e5r en bred problematik kring f\u00f6rs\u00f6rjningsansvaret, kring behovet av och tillg\u00e5ngen till sjukv\u00e5rd, mat och utbildning f\u00f6r de som rest hit. Att det dessutom \u00e4r huvudbry p\u00e5 m\u00e5nga olika niv\u00e5er fr\u00e5n stadsdelsniv\u00e5 till regional EU-niv\u00e5 f\u00f6r att inte s\u00e4ga internationell niv\u00e5 g\u00f6r inte det hela enklare. Inte heller att ingen f\u00f6refaller veta vad som riktigt g\u00e4ller n\u00e4r det kommer till ansvarsfr\u00e5gan eller vad man f\u00e5r\/inte f\u00e5r och kan g\u00f6ra.<\/p>\n<p>Regeringen har tillsatt en nationell samordnare som snart (om 10 m\u00e5nader) skall presentera ett antal f\u00f6rslag f\u00f6r att f\u00f6rb\u00e4ttra situationen b\u00e5de f\u00f6r kommuner som b\u00e4r ett stort ansvar och i synnerhet f\u00f6r migranterna. Fr\u00e5gan har tagits upp med representanter f\u00f6r Rum\u00e4niens och Bulgariens regeringar men utan framg\u00e5ng.\u00a0<em>&#8220;Jag \u00e4r f\u00f6rbannad, ledsen och besviken&#8221;<\/em> , sa Birgitta Ohlsson (Fp) i DN 2014-04-08. Regeringens utvalde samordnare, Mattias Valfridsson, meddelar n\u00e5got moloket att han har funderingar men inga svar \u00e4nnu d\u00e5 han intervjuas i f\u00f6rra numret av Fokus (nr 16) trots att han rest runt och tr\u00e4ffat personer i \u00f6ver 25 kommuner hittills. Betryggande att h\u00f6ra \u00e4r dock att den grundl\u00e4ggande utg\u00e5ngspunkten f\u00f6r uppdraget och de f\u00f6rslag som efters\u00f6ks \u00e4r medm\u00e4nsklighet. Men, ett tiggerif\u00f6rbud vore att ignorera problemen, och andra sidan f\u00f6rmedlar Fokus Valfridssons syn p\u00e5 tillg\u00e5ngen till v\u00e4lf\u00e4rdsstatens f\u00f6rm\u00e5ner som endast tillh\u00f6rande de med uppeh\u00e5llsr\u00e4tt <em>\u201derbjuder man samma v\u00e4lf\u00e4rdsniv\u00e5 till dem som tigger p\u00e5 gatorna, \u00f6ppnar man samtidigt upp v\u00e4lf\u00e4rden f\u00f6r alla europ\u00e9er. Det skulle samh\u00e4llet inte klara av\u201d<\/em> (Valfridsson citerad i Fokus nr 16 s. 30-32).<\/p>\n<p>Vi \u00e4r m\u00e5nga som vill hj\u00e4lpa, b\u00e5de den enskilde som vi g\u00e5r f\u00f6rbi dagligen n\u00e4r vi rusar runt i v\u00e5ra ekorrhjul, och p\u00e5 ett mer allomfattande plan. Jag tr\u00e4ffar \u00e5terkommande fastighets\u00e4gare vars fastigheter anv\u00e4nds som tillf\u00e4lliga bost\u00e4der (k\u00e4llarutrymmen s\u00e4rskilt), som drabbas av vattenskador sedan vinteravst\u00e4ngt vatten satts p\u00e5 av m\u00e4nniskor i n\u00f6d. De vill, liksom m\u00e5nga andra, hitta en l\u00f6sning som \u00e4r tillfreds f\u00f6r alla. I flera fall har jag m\u00f6tt fastighets\u00e4gare i Stockholm med omnejd som f\u00e5tt stora oplanerade omkostnader till f\u00f6ljd av antalet EU-migranter som s\u00f6ker tak \u00f6ver huvudet och det \u00e4r inte bra f\u00f6r bolaget varken marknadsf\u00f6ringsm\u00e4ssigt eller f\u00f6retagsekonomiskt. Jag h\u00f6r hur de efterfr\u00e5gar andra s\u00e4tt att hj\u00e4lpa, &#8211; flera l\u00e5ter dessa m\u00e4nniskor bo kvar d\u00e5 de inte har hj\u00e4rta att avhysa dem. De efterfr\u00e5gar vad som g\u00e4ller juridiskt och vad som kan erbjudas ist\u00e4llet. Men de f\u00e5r inga svar vart de \u00e4n riktar fr\u00e5gan. Ingen vill ta ansvar, men alla ser problemet \u2013 det m\u00e4nskliga lidandet, den f\u00f6r\u00e4ndrade gatubilden och den p\u00e5 alla s\u00e4tt f\u00f6rkastliga diskrimineringen som \u00e4n lever kvar.<\/p>\n<p>M\u00e5nga \u00e4r dock de som engagera sig. I otaliga st\u00e4der har de ideella organisationer som k\u00e4mpat enormt, s\u00e4rskilt under vinterkylans lamsl\u00e5ende tid, varit m\u00e5nga och IOP- samarbeten (Id\u00e9buret offentligt partnerskap) har kanske aldrig anv\u00e4nts som nu. Privatpersoner ger i koppen utanf\u00f6r ICA, k\u00f6per en extra kaffe och bulle och delar med sig och \u00f6ver hela landet samlas olika samh\u00e4llsakt\u00f6rer f\u00f6r att diskutera, f\u00e5 klarhet i och finna kortsiktiga liksom l\u00e5ngsiktiga l\u00f6sningar f\u00f6r b\u00e5de individ och samh\u00e4lle. Dessa positiva krafter och detta positiva engagemang f\u00f6r medm\u00e4nniskor i n\u00f6d borde uppm\u00e4rksammas mer.<\/p>\n<p>Den absoluta l\u00f6sningen vore sj\u00e4lvfallet att utrota fattigdomen i Europa (och globalt) sedan detta skulle inneb\u00e4ra att ingen beh\u00f6ver l\u00e4mna sin hembygd p\u00e5 grund av n\u00f6d. Detta \u00e4r dock ett mycket l\u00e5ngsiktigt arbete som inte kommer l\u00e5ta sig genomf\u00f6ras p\u00e5 10, eller kanske ens 50 \u00e5r. Den 1 februari 2016 presenterar Valfridsson vad han kommit fram till tillsammans med sina kollegor under arbetet med att st\u00f6dja akt\u00f6rer som p\u00e5 olika s\u00e4tt arbetar f\u00f6r att finna l\u00f6sningar som f\u00f6rb\u00e4ttrar EU-migranternas situation l\u00e5ngsiktigt.<\/p>\n<p>Ps. Rekommenderar alla att l\u00e4sa den mycket l\u00e4ttl\u00e4sta Cecilia K\u00f6jling, Maja Kristin Nylander och Sofia Hultqvist bok <em>&#8220;Vi \u00e4r Romer&#8221;<\/em>, Lux f\u00f6rlag 2014. Ds.<\/p>\n","protected":false},"excerpt":{"rendered":"<p>Ett \u00e4mne som engagerar, irriterar och skaver hos de flesta av oss \u00e4r de arma m\u00e4nniskor som sitter utanf\u00f6r matbutiken, i tunnelbanan, utanf\u00f6r caf\u00e9et och i n\u00e4rheten av f\u00f6rskolan, tiggarna. Under de senaste \u00e5ren har antalet fattiga EU- och EES-migranter p\u00e5 v\u00e5ra gator med en mugg i handen blivit allt fler. Varje dag skrivs spaltmeter &#8230;<\/p>\n","protected":false},"author":68,"featured_media":168,"comment_status":"open","ping_status":"open","sticky":false,"template":"","format":"standard","meta":{"_monsterinsights_skip_tracking":false,"_monsterinsights_sitenote_active":false,"_monsterinsights_sitenote_note":"","_monsterinsights_sitenote_category":0,"_links_to":"","_links_to_target":""},"categories":[1],"tags":[54,43,55,51,46,53,52,50],"_links":{"self":[{"href":"https:\/\/hallbartbyggande.com\/urbana-utmaningar\/wp-json\/wp\/v2\/posts\/167"}],"collection":[{"href":"https:\/\/hallbartbyggande.com\/urbana-utmaningar\/wp-json\/wp\/v2\/posts"}],"about":[{"href":"https:\/\/hallbartbyggande.com\/urbana-utmaningar\/wp-json\/wp\/v2\/types\/post"}],"author":[{"embeddable":true,"href":"https:\/\/hallbartbyggande.com\/urbana-utmaningar\/wp-json\/wp\/v2\/users\/68"}],"replies":[{"embeddable":true,"href":"https:\/\/hallbartbyggande.com\/urbana-utmaningar\/wp-json\/wp\/v2\/comments?post=167"}],"version-history":[{"count":2,"href":"https:\/\/hallbartbyggande.com\/urbana-utmaningar\/wp-json\/wp\/v2\/posts\/167\/revisions"}],"predecessor-version":[{"id":170,"href":"https:\/\/hallbartbyggande.com\/urbana-utmaningar\/wp-json\/wp\/v2\/posts\/167\/revisions\/170"}],"wp:featuredmedia":[{"embeddable":true,"href":"https:\/\/hallbartbyggande.com\/urbana-utmaningar\/wp-json\/wp\/v2\/media\/168"}],"wp:attachment":[{"href":"https:\/\/hallbartbyggande.com\/urbana-utmaningar\/wp-json\/wp\/v2\/media?parent=167"}],"wp:term":[{"taxonomy":"category","embeddable":true,"href":"https:\/\/hallbartbyggande.com\/urbana-utmaningar\/wp-json\/wp\/v2\/categories?post=167"},{"taxonomy":"post_tag","embeddable":true,"href":"https:\/\/hallbartbyggande.com\/urbana-utmaningar\/wp-json\/wp\/v2\/tags?post=167"}],"curies":[{"name":"wp","href":"https:\/\/api.w.org\/{rel}","templated":true}]}}