										  
											  
											 {"id":162,"date":"2015-04-17T09:25:15","date_gmt":"2015-04-17T09:25:15","guid":{"rendered":"http:\/\/hallbartbyggande.com\/urbana-utmaningar\/?p=162"},"modified":"2015-04-17T09:25:15","modified_gmt":"2015-04-17T09:25:15","slug":"inget-nytt-men-gammalt-kan-ocksa-gladja","status":"publish","type":"post","link":"https:\/\/hallbartbyggande.com\/urbana-utmaningar\/inget-nytt-men-gammalt-kan-ocksa-gladja\/","title":{"rendered":"Inget nytt &#8211; men gammalt kan ocks\u00e5 gl\u00e4dja"},"content":{"rendered":"<p>Foto: Lillemor Hult<\/p>\n<p>S\u00e5 kom v\u00e5pen, v\u00e5rpropositionen, som m\u00e5nga av oss v\u00e4ntat p\u00e5. Till stor del var det inga st\u00f6rre \u00f6verraskningar eftersom det ena efter det andra politiska utspelet kommit under de senaste veckorna och kastat ljus \u00f6ver regeringens inriktning i olika fr\u00e5gor.<\/p>\n<p>M\u00e5nga av de fr\u00e5gor som r\u00f6r bostadsmarknaden och stadsutvecklingen f\u00f6rblev dock oklara sedan man v\u00e4ntar in fler Utredningars slutbet\u00e4nkanden vilka ska presenteras under h\u00f6sten.<\/p>\n<p>Generellt var d\u00e4r inga nyheter att sk\u00e5da utan vad man kunnat f\u00f6rv\u00e4nta sig fr\u00e5n de regerande partierna. St\u00f6det till solcellsanv\u00e4ndningen skall fram\u00f6ver (2016) \u00f6kas med 50 miljoner kronor \u00e5rligen, st\u00e4derna ska utformas s\u00e5 att kollektivtrafiken \u00e4r det naturliga valet i samklang med g\u00e5ng och cykel, miljonprogrammens flerbostadshus m\u00e5ste energieffektiviseras och en nationell bostadspolitik ska fr\u00e4mja \u201dalla m\u00e4nniskors r\u00e4tt till ett hem\u201d (s. 47) genom ett \u00f6kat byggande av framf\u00f6r allt hyresr\u00e4tter och ett bredare regionalt samarbete mellan kommuner. Gott s\u00e5, inv\u00e4ntas g\u00f6r bland andra den statliga utredningen om bost\u00e4der f\u00f6r \u00e4ldre och den om konkurrensen p\u00e5 byggmarknaden som b\u00e5da levererar under h\u00f6sten. I sommar ska dessutom Bostadsplaneringskommitt\u00e9n presentera sitt slutbet\u00e4nkande. Vad s\u00e4ger d\u00e5 detta oss som arbetar med dessa fr\u00e5gor dagligen? Inte s\u00e5 v\u00e4rst mycket nytt och sp\u00e4nnande, tyv\u00e4rr.<\/p>\n<p>N\u00e5got som gladde mig mycket var \u00e4ndock att den omtalade \u201dskolmilj\u00f6miljarden\u201d finns kvar. Med en motivering om ett behov av b\u00e4ttre och moderna studiemilj\u00f6er som bidrar till en b\u00e4ttre arbetsmilj\u00f6, energieffektiva lokaler och f\u00f6rb\u00e4ttrade de fysiska och ocks\u00e5 de psykosociala f\u00f6ruts\u00e4ttningarna f\u00f6r att \u00f6ka studieresultaten vill regeringen satsa 15 miljoner i st\u00f6d f\u00f6r dessa \u00e5tg\u00e4rder under 2015 och d\u00e4refter 2016-2018 330 miljoner kronor per \u00e5r.<\/p>\n<p>\u00c5tskilliga \u00e4r de g\u00e5nger d\u00e5 jag i jobbet varit p\u00e5 bes\u00f6k i skolor i olika delar av landet med elever i olika \u00e5ldrar. Och varje g\u00e5ng ryggar jag tillbaka \u00f6ver ljudniv\u00e5n i klassrum, i korridorer och inte minst i skolmatsalen som skall vara en v\u00e4lkomnande paus i arbetsdagen. Faktiskt \u00e4r det s\u00e5 att ljudniv\u00e5n under min egen skolg\u00e5ng mer eller mindre gjort mig allergisk mot slamriga milj\u00f6er. Hur m\u00e5nga av oss v\u00e4ljer inte restaurang eller caf\u00e9 lika mycket baserat p\u00e5 dess gemytlighet som den f\u00f6rt\u00e4ring som erbjuds? Men det \u00e4r inte bara matsalarna som \u00e4r viktiga, \u00e4n viktigare \u00e4r m\u00f6jligen klassrummen och andra pedagogiska milj\u00f6er som inte \u00e4r anpassade efter modern pedagogik.<\/p>\n<p>En miljard \u00e4r dock ingen astronomisk summa j\u00e4mf\u00f6rt antalet skolor med behov av att \u00e5tg\u00e4rda bristande lokaler, som Sveriges Arkitekters f\u00f6rbundsdirekt\u00f6r Tobias Olsson sa p\u00e5 ett seminarium om just skolmilj\u00f6miljarden den 5 november \u201dEn miljard \u00e4r mycket pengar, men inte j\u00e4ttemycket pengar\u201d.<\/p>\n<p>&nbsp;<\/p>\n<p>&nbsp;<\/p>\n<p>&nbsp;<\/p>\n<p>&nbsp;<\/p>\n","protected":false},"excerpt":{"rendered":"<p>Foto: Lillemor Hult S\u00e5 kom v\u00e5pen, v\u00e5rpropositionen, som m\u00e5nga av oss v\u00e4ntat p\u00e5. Till stor del var det inga st\u00f6rre \u00f6verraskningar eftersom det ena efter det andra politiska utspelet kommit under de senaste veckorna och kastat ljus \u00f6ver regeringens inriktning i olika fr\u00e5gor. M\u00e5nga av de fr\u00e5gor som r\u00f6r bostadsmarknaden och stadsutvecklingen f\u00f6rblev dock oklara &#8230;<\/p>\n","protected":false},"author":68,"featured_media":164,"comment_status":"open","ping_status":"open","sticky":false,"template":"","format":"standard","meta":{"_monsterinsights_skip_tracking":false,"_monsterinsights_sitenote_active":false,"_monsterinsights_sitenote_note":"","_monsterinsights_sitenote_category":0,"_links_to":"","_links_to_target":""},"categories":[1],"tags":[],"_links":{"self":[{"href":"https:\/\/hallbartbyggande.com\/urbana-utmaningar\/wp-json\/wp\/v2\/posts\/162"}],"collection":[{"href":"https:\/\/hallbartbyggande.com\/urbana-utmaningar\/wp-json\/wp\/v2\/posts"}],"about":[{"href":"https:\/\/hallbartbyggande.com\/urbana-utmaningar\/wp-json\/wp\/v2\/types\/post"}],"author":[{"embeddable":true,"href":"https:\/\/hallbartbyggande.com\/urbana-utmaningar\/wp-json\/wp\/v2\/users\/68"}],"replies":[{"embeddable":true,"href":"https:\/\/hallbartbyggande.com\/urbana-utmaningar\/wp-json\/wp\/v2\/comments?post=162"}],"version-history":[{"count":1,"href":"https:\/\/hallbartbyggande.com\/urbana-utmaningar\/wp-json\/wp\/v2\/posts\/162\/revisions"}],"predecessor-version":[{"id":166,"href":"https:\/\/hallbartbyggande.com\/urbana-utmaningar\/wp-json\/wp\/v2\/posts\/162\/revisions\/166"}],"wp:featuredmedia":[{"embeddable":true,"href":"https:\/\/hallbartbyggande.com\/urbana-utmaningar\/wp-json\/wp\/v2\/media\/164"}],"wp:attachment":[{"href":"https:\/\/hallbartbyggande.com\/urbana-utmaningar\/wp-json\/wp\/v2\/media?parent=162"}],"wp:term":[{"taxonomy":"category","embeddable":true,"href":"https:\/\/hallbartbyggande.com\/urbana-utmaningar\/wp-json\/wp\/v2\/categories?post=162"},{"taxonomy":"post_tag","embeddable":true,"href":"https:\/\/hallbartbyggande.com\/urbana-utmaningar\/wp-json\/wp\/v2\/tags?post=162"}],"curies":[{"name":"wp","href":"https:\/\/api.w.org\/{rel}","templated":true}]}}