										  
											  
											 {"id":157,"date":"2015-04-08T06:37:46","date_gmt":"2015-04-08T06:37:46","guid":{"rendered":"http:\/\/hallbartbyggande.com\/urbana-utmaningar\/?p=157"},"modified":"2015-04-09T07:05:03","modified_gmt":"2015-04-09T07:05:03","slug":"ensamheten-ar-stadernas-problem","status":"publish","type":"post","link":"https:\/\/hallbartbyggande.com\/urbana-utmaningar\/ensamheten-ar-stadernas-problem\/","title":{"rendered":"&#8220;Ensamheten \u00e4r st\u00e4dernas problem&#8221;"},"content":{"rendered":"<p>Jag talar med en man som arbetat med stadsutvecklingsfr\u00e5gor i v\u00e5rt land l\u00e4ngre \u00e4n jag funnits till. Vi talar och ditt och datt, om framg\u00e5ngar och misslyckanden. Om nya och gamla tankes\u00e4tt, framg\u00e5ngskoncept och policys som kommit och g\u00e5tt \u00f6ver \u00e5r och under decennium. Utan att jag riktigt vet vilken v\u00e4g samtalet tagit h\u00f6r jag honom s\u00e4g att <em>\u201densamheten \u00e4r svenska st\u00e4ders st\u00f6rsta problem idag\u201d<\/em>. Vad han s\u00e4ger d\u00e4refter h\u00f6r jag inte alls f\u00f6r i mitt huvud har dessa ord fastnat och gjort att jag tappat koncentrationen f\u00f6r att kunna forts\u00e4tta prata.<\/p>\n<p>\u00c4r det s\u00e5? \u00c4r det s\u00e5 tr\u00e5kigt och hemskt som det l\u00e5ter? Har samh\u00e4llsutvecklingen g\u00e5tt \u00f6ver styr och \u00e4r k\u00e4nslan av ensamhet starkare och mer utbredd \u00e4n n\u00e5gonsin trots att vi aldrig tidigare bott s\u00e5 n\u00e4ra varandra som idag?<\/p>\n<p>Enligt statistik fr\u00e5n Eurostat \u00f6ver medlemsl\u00e4ndernas hush\u00e5llssammans\u00e4ttningar \u00e4r den svenska andelen singelhush\u00e5ll (utan barn) markant h\u00f6gre \u00e4n \u00f6vriga EU-l\u00e4nders (49,9%). Efter oss i samma unders\u00f6kning kommer sedan Danmark med 40,7 %, Finland med 39,6 % och Tyskland med 39,4 % (eurostat.eu, 2015-04-07). Att singelhush\u00e5llen dessutom \u00e4r det vanligast f\u00f6rekommande hush\u00e5llet i Sverige sl\u00e5s fast i unders\u00f6kning efter unders\u00f6kning som genomf\u00f6rs av SCB. Enligt 2012 \u00e5rs befolkningsstatistik bestod 37,7 % av de svenska hush\u00e5llen av endast en person (SCB: befolkningsstatistik 2012 \u2013 Hush\u00e5llsstatistik).<\/p>\n<p>\u00c4r ensamheten ett hot mot den h\u00e5llbara staden och det trivsamma samh\u00e4llet? \u00c4r det sj\u00e4lvvalt och en trend utifr\u00e5n den \u00f6vriga individualistiska livsstil vi kommit att utveckla, &#8211; v\u00e4ljer vi ensamheten f\u00f6r att vi kan? Eller \u00e4r det i majoriteten ofrivillig ensamhet som i v\u00e4rsta fall kan leda till desperation och ett agerande d\u00e4refter?<\/p>\n<p>Utifr\u00e5n ett nationellt stadsutvecklings- och bostadsmarknadsperspektiv beh\u00f6ver vi st\u00e4lla oss fr\u00e5gan och analysera <em>varf\u00f6r<\/em> det ser ut som det g\u00f6r. Inte bara n\u00f6ja oss med att konstatera detta faktum. Frivillig och ofrivillig ensamhet \u00e4r tv\u00e5 helt olika saker, likas\u00e5 den konkreta fysiska ensamheten och den ensamhet som de flesta av oss n\u00e5gon g\u00e5ng upplevt mer likt en rivande k\u00e4nsla i br\u00f6stet. Vi beh\u00f6ver begrunda f\u00f6r att sedan i strategiska beslut, planer och program, liksom konkreta handlingar, kunna skapa en bostadsmarknad som \u00e4r anpassad f\u00f6r att vi som m\u00e4nniskor ska m\u00e5 bra i v\u00e5r livsmilj\u00f6. F\u00f6r det \u00e4r v\u00e4l livsmilj\u00f6er vi bygger, eller \u00e4r det bara bost\u00e4der?<\/p>\n<p>Vi skulle utifr\u00e5n dagens ekonomiska situation i Europa ocks\u00e5 kunna v\u00e4nda p\u00e5 resonemanget och fr\u00e5ga oss om fler \u00e4n de som vill \u00e4r samboende eller kanske kvarboende hemma? Skulle \u00e4nnu fler ocks\u00e5 i andra EU-l\u00e4nder bo ensamma om arbetsmarknader och d\u00e4rmed de ekonomiska f\u00f6ruts\u00e4ttningarna fanns? Det vet vi inte riktigt, \u00e4ven om statistik visar p\u00e5 hur bland annat intr\u00e4det i vuxenv\u00e4rlden f\u00f6rsenas allt mer i de sydeuropeiska l\u00e4nderna som en konsekvens av l\u00e4ngre utbildningar, f\u00e4rre arbetstillf\u00e4llen och s\u00e4mre m\u00f6jligheter att l\u00e4mna f\u00f6r\u00e4ldrahemmet (SCB, V\u00e4lf\u00e4rdsbulletinen, nr 3, 2001).<\/p>\n","protected":false},"excerpt":{"rendered":"<p>Jag talar med en man som arbetat med stadsutvecklingsfr\u00e5gor i v\u00e5rt land l\u00e4ngre \u00e4n jag funnits till. Vi talar och ditt och datt, om framg\u00e5ngar och misslyckanden. Om nya och gamla tankes\u00e4tt, framg\u00e5ngskoncept och policys som kommit och g\u00e5tt \u00f6ver \u00e5r och under decennium. Utan att jag riktigt vet vilken v\u00e4g samtalet tagit h\u00f6r jag &#8230;<\/p>\n","protected":false},"author":68,"featured_media":159,"comment_status":"open","ping_status":"open","sticky":false,"template":"","format":"standard","meta":{"_monsterinsights_skip_tracking":false,"_monsterinsights_sitenote_active":false,"_monsterinsights_sitenote_note":"","_monsterinsights_sitenote_category":0,"_links_to":"","_links_to_target":""},"categories":[1],"tags":[],"_links":{"self":[{"href":"https:\/\/hallbartbyggande.com\/urbana-utmaningar\/wp-json\/wp\/v2\/posts\/157"}],"collection":[{"href":"https:\/\/hallbartbyggande.com\/urbana-utmaningar\/wp-json\/wp\/v2\/posts"}],"about":[{"href":"https:\/\/hallbartbyggande.com\/urbana-utmaningar\/wp-json\/wp\/v2\/types\/post"}],"author":[{"embeddable":true,"href":"https:\/\/hallbartbyggande.com\/urbana-utmaningar\/wp-json\/wp\/v2\/users\/68"}],"replies":[{"embeddable":true,"href":"https:\/\/hallbartbyggande.com\/urbana-utmaningar\/wp-json\/wp\/v2\/comments?post=157"}],"version-history":[{"count":3,"href":"https:\/\/hallbartbyggande.com\/urbana-utmaningar\/wp-json\/wp\/v2\/posts\/157\/revisions"}],"predecessor-version":[{"id":161,"href":"https:\/\/hallbartbyggande.com\/urbana-utmaningar\/wp-json\/wp\/v2\/posts\/157\/revisions\/161"}],"wp:featuredmedia":[{"embeddable":true,"href":"https:\/\/hallbartbyggande.com\/urbana-utmaningar\/wp-json\/wp\/v2\/media\/159"}],"wp:attachment":[{"href":"https:\/\/hallbartbyggande.com\/urbana-utmaningar\/wp-json\/wp\/v2\/media?parent=157"}],"wp:term":[{"taxonomy":"category","embeddable":true,"href":"https:\/\/hallbartbyggande.com\/urbana-utmaningar\/wp-json\/wp\/v2\/categories?post=157"},{"taxonomy":"post_tag","embeddable":true,"href":"https:\/\/hallbartbyggande.com\/urbana-utmaningar\/wp-json\/wp\/v2\/tags?post=157"}],"curies":[{"name":"wp","href":"https:\/\/api.w.org\/{rel}","templated":true}]}}