										  
											  
											 {"id":152,"date":"2015-03-31T08:13:24","date_gmt":"2015-03-31T08:13:24","guid":{"rendered":"http:\/\/hallbartbyggande.com\/urbana-utmaningar\/?p=152"},"modified":"2015-04-01T18:51:27","modified_gmt":"2015-04-01T18:51:27","slug":"din-hallbara-stad-ar-inte-min-men-vara-mal-ar-desamma","status":"publish","type":"post","link":"https:\/\/hallbartbyggande.com\/urbana-utmaningar\/din-hallbara-stad-ar-inte-min-men-vara-mal-ar-desamma\/","title":{"rendered":"Din h\u00e5llbara stad \u00e4r inte min \u2013 men v\u00e5ra m\u00e5l \u00e4r desamma"},"content":{"rendered":"<p>Foto: zazzle.se, 2015-03-31<\/p>\n<p>Vi pratar om det h\u00e5llbara byggandet, om den h\u00e5llbara staden. Om de tre h\u00e5llbarhetsaspekterna och hur dessa ska kunna samspela. Om hur vissa menar att den ena kommer f\u00f6re de andra tv\u00e5 eller driver alternativt h\u00e4mmar.<\/p>\n<p>Jag ska i \u00e4rlighetens namn erk\u00e4nna, mitt yrke till trots, att jag i sj\u00e4l och hj\u00e4rta inte \u00e4r en stadsm\u00e4nniska. Jag far ut i skog och natur s\u00e5 fort minsta tillf\u00e4lle ges, men jag bor likv\u00e4l mitt p\u00e5 s\u00f6der i Stockholm. H\u00e4r finns st\u00f6rsta delen av min familj, h\u00e4r finns min arbetsmarknad, h\u00e4r finns mina n\u00e4rmaste v\u00e4nner och h\u00e4r utspelar sig min vardag. Visst h\u00e4nder det att ocks\u00e5 jag njuter av att bo i Sveriges huvudstad, eller av att f\u00f6r n\u00e5gra dagar befinna mig i n\u00e5gon annan st\u00f6rre eller mindre stad i Sverige eller utomlands. Vad \u00e4r det d\u00e5 som lockar med det? Vad \u00e4r det som g\u00f6r att jag i dessa stunder njuter av att befinna mig och ta del av vad ett urbant landskap har att erbjuda? \u00c4r det inte m\u00e4nniskors tillg\u00e5ng till funktion, inspiration och tillfredsst\u00e4llelse som vi egentligen borde tala om? I dessa tre var f\u00f6r sig och tillsammans ryms dessutom ekonomi, milj\u00f6 och sociala fr\u00e5gor och aspekter.<\/p>\n<p>Urbaniseringstrenden och centraliseringen av arbetsplatser, bost\u00e4der och service, l\u00e5t g\u00e5 f\u00f6r oklarheten kring h\u00f6nan och \u00e4gget, \u00e4r det ingen som l\u00e4ngre inte k\u00e4nner till. Inte heller kan samtalen, debatterna, inl\u00e4ggen, rapporterna, strategierna, utredningarna och visionerna f\u00f6r och om den h\u00e5llbara staden ha g\u00e5tt s\u00e4rskilt m\u00e5nga f\u00f6rbi. Vad som dock fortfarande lyser med sin fr\u00e5nvaro \u00e4r historierna, k\u00e4nslorna och behoven som ryms i och bakom det sociala, ekonomiska och milj\u00f6m\u00e4ssigt h\u00e5llbara begreppen n\u00e4r du och jag l\u00e5ter oss fundera \u00f6ver vad de betyder f\u00f6r oss. En h\u00e5llbar stad m\u00e5ste vara en vision om en stad, en kosmopolitisk stad p\u00e5 2000-talet, d\u00e4r alla efter behov, referensramar och m\u00f6jligheter kan fungera, finns inspiration och k\u00e4nna tillfredsst\u00e4llelse.<\/p>\n<p>Den likriktighet som r\u00e5der i debatten om den h\u00e5llbara staden tror jag ledsamt nog ocks\u00e5 \u00e4r det som hindrar visionen om den fr\u00e5n att f\u00f6rverkligas. Vissa saker, s\u00e5som de tv\u00e5 nedersta planen av Maslows behovspyramid, ska inte beh\u00f6va vara en fr\u00e5ga <em>om <\/em>(\u00e4ven om jag \u00e4r fullt medveten om att det s\u00e5 \u00e4r i vissa fall). <em>Visionen om <\/em>handlar d\u00e4remot om hur du och jag uppfattar v\u00e5r omgivnings m\u00f6jligheter att erbjuda oss den funktion, inspiration och tillfredsst\u00e4llelse som beh\u00f6vs f\u00f6r att vi ska m\u00e5 bra och d\u00e4rmed kunna samsas om den gemensamma ytan och de gemensamma resurserna. Din historia och dina referensramar \u00e4r just dina, min historia \u00e4r min och det vi uppskattar, inspireras av eller skrattar \u00e5t skiljer sig d\u00e4rf\u00f6r \u2013 d\u00e4rf\u00f6r borde ocks\u00e5 bilden av den h\u00e5llbara staden skilja sig \u00e5t mer \u00e4n den g\u00f6r beroende p\u00e5 vem man talar med utan att det f\u00f6r den skullen inte finns gemensamma m\u00e5l som syvende och sist l\u00e5ter oss f\u00f6rverkliga den ekonomiskt, socialt och ekologiskt h\u00e5llbara staden.<\/p>\n<p>&nbsp;<\/p>\n<p>&nbsp;<\/p>\n<p>&nbsp;<\/p>\n<p>&nbsp;<\/p>\n","protected":false},"excerpt":{"rendered":"<p>Foto: zazzle.se, 2015-03-31 Vi pratar om det h\u00e5llbara byggandet, om den h\u00e5llbara staden. Om de tre h\u00e5llbarhetsaspekterna och hur dessa ska kunna samspela. Om hur vissa menar att den ena kommer f\u00f6re de andra tv\u00e5 eller driver alternativt h\u00e4mmar. Jag ska i \u00e4rlighetens namn erk\u00e4nna, mitt yrke till trots, att jag i sj\u00e4l och hj\u00e4rta &#8230;<\/p>\n","protected":false},"author":68,"featured_media":153,"comment_status":"open","ping_status":"open","sticky":false,"template":"","format":"standard","meta":{"_monsterinsights_skip_tracking":false,"_monsterinsights_sitenote_active":false,"_monsterinsights_sitenote_note":"","_monsterinsights_sitenote_category":0,"_links_to":"","_links_to_target":""},"categories":[1],"tags":[],"_links":{"self":[{"href":"https:\/\/hallbartbyggande.com\/urbana-utmaningar\/wp-json\/wp\/v2\/posts\/152"}],"collection":[{"href":"https:\/\/hallbartbyggande.com\/urbana-utmaningar\/wp-json\/wp\/v2\/posts"}],"about":[{"href":"https:\/\/hallbartbyggande.com\/urbana-utmaningar\/wp-json\/wp\/v2\/types\/post"}],"author":[{"embeddable":true,"href":"https:\/\/hallbartbyggande.com\/urbana-utmaningar\/wp-json\/wp\/v2\/users\/68"}],"replies":[{"embeddable":true,"href":"https:\/\/hallbartbyggande.com\/urbana-utmaningar\/wp-json\/wp\/v2\/comments?post=152"}],"version-history":[{"count":3,"href":"https:\/\/hallbartbyggande.com\/urbana-utmaningar\/wp-json\/wp\/v2\/posts\/152\/revisions"}],"predecessor-version":[{"id":156,"href":"https:\/\/hallbartbyggande.com\/urbana-utmaningar\/wp-json\/wp\/v2\/posts\/152\/revisions\/156"}],"wp:featuredmedia":[{"embeddable":true,"href":"https:\/\/hallbartbyggande.com\/urbana-utmaningar\/wp-json\/wp\/v2\/media\/153"}],"wp:attachment":[{"href":"https:\/\/hallbartbyggande.com\/urbana-utmaningar\/wp-json\/wp\/v2\/media?parent=152"}],"wp:term":[{"taxonomy":"category","embeddable":true,"href":"https:\/\/hallbartbyggande.com\/urbana-utmaningar\/wp-json\/wp\/v2\/categories?post=152"},{"taxonomy":"post_tag","embeddable":true,"href":"https:\/\/hallbartbyggande.com\/urbana-utmaningar\/wp-json\/wp\/v2\/tags?post=152"}],"curies":[{"name":"wp","href":"https:\/\/api.w.org\/{rel}","templated":true}]}}