										  
											  
											 {"id":75,"date":"2017-09-27T10:17:12","date_gmt":"2017-09-27T08:17:12","guid":{"rendered":"http:\/\/hallbartbyggande.com\/thomasbetong\/?p=75"},"modified":"2017-12-21T10:22:16","modified_gmt":"2017-12-21T09:22:16","slug":"thomas-betong-inviger-ny-fabrik-i-heby-vaster-om-uppsala","status":"publish","type":"post","link":"https:\/\/hallbartbyggande.com\/thomasbetong\/thomas-betong-inviger-ny-fabrik-i-heby-vaster-om-uppsala\/","title":{"rendered":"Thomas Betong inviger ny fabrik i Heby v\u00e4ster om Uppsala"},"content":{"rendered":"<p><strong>Thomas Betongs helt nya fabrik i Heby v\u00e4ster om Uppsala, som invigs den 28 september, kommer i tv\u00e5skift att producera prefabricerade skalv\u00e4ggar och plattb\u00e4rlag i s\u00e5dan volym att det motsvarar cirka 4 000 nyproducerade l\u00e4genheter per \u00e5r. Bostadsbristen i Stockholm och M\u00e4larregion \u00e4r fortfarande stor. &#8220;Genom den nya fabriken i Heby m\u00f6ter vi marknadens behov och bidrar till att l\u00f6sa bostadsbristen&#8221;, s\u00e4ger Carina Edblad, vd i Thomas Betong.<\/strong><\/p>\n<p>Prefabricerade skalv\u00e4ggar och plattb\u00e4rlag skr\u00e4ddarsys i Hebyfabriken f\u00f6r sitt \u00e4ndam\u00e5l redan i gjutningen. Produktionen sker enligt cirkulationsprincipen. Elinstallationer och r\u00f6r l\u00e4ggs p\u00e5 plats inf\u00f6r gjutning av v\u00e4ggar, bj\u00e4lklag och balkonger. Efter h\u00e4rdning i h\u00e4rdkammare levereras de prefabricerade elementen till byggplatsen. D\u00e4r monteras de samman till en p\u00e5 platsen gjuten betongstomme. Byggmetoden \u00e4r rationell och snabb. Byggtiden kortas j\u00e4mf\u00f6rt med konventionella metoder.<\/p>\n<p>&#8220;F\u00f6r oss, som \u00e4r ett svensk\u00e4gt familjef\u00f6retag som verkar internationellt, \u00e4r det naturligt att investera i Sverige. V\u00e5r v\u00e4xande hemmamarknad \u00e4r mycket viktig. Koncernens strategi \u00e4r fortsatt tillv\u00e4xt med stort fokus p\u00e5 kundservice. Ut\u00f6ver att koncernen de senaste \u00e5ren st\u00e4rkt sin position i Stockholm och G\u00f6teborgsregionen har vi ocks\u00e5 investerat i ett flertal nya fabriker f\u00f6r fabriksbetong i bl.a. USA&#8221;, s\u00e4ger Hans Karlander, VD och Koncernchef i Thomas Concrete Group.<\/p>\n<p>F\u00f6rra \u00e5ret lanserade Thomas Betong ett unikt system, Thomas Milj\u00f6stomme\u00ae, f\u00f6r stommar med 30 % l\u00e4gre CO2-avtryck j\u00e4mf\u00f6rt med konventionell stomme. Systemet baseras p\u00e5 prefabricerade skalv\u00e4ggar, plattb\u00e4rlag och balkonger i kombination med fabriksbetong. Skalv\u00e4ggarna produceras nu i den nya fabriken i Heby.<\/p>\n<p>Den nya fabriken i Heby inneb\u00e4r en investering om cirka 100 miljoner kronor och totalt kommer cirka 75 personer syssels\u00e4ttas. En del av kapaciteten i den nya Hebyfabriken \u00e4r redan kontrakterad av byggbolaget JM. Fabriken certifieras enligt Green Building, SGBC, vilket inneb\u00e4r att energif\u00f6rbrukningen \u00e4r minst 25 procent l\u00e4gre \u00e4n kraven i Boverkets byggregler.<\/p>\n<p>Med sin mycket l\u00e5nga livscykel bidrar betong till ett h\u00e5llbart samh\u00e4lle. Betong \u00e4r ett oorganiskt material som varken brinner eller m\u00f6glar. Med sina dokumenterade egenskaper \u00e4r betong ett attraktivt byggmaterial och industriellt effektivt f\u00f6r ett h\u00e5llbart byggande.<\/p>\n<p><span style=\"font-size: 10pt;font-family: Arial,Helvetica,sans-serif\"><strong><em>F\u00f6r ytterligare information kontakta:<br \/>\n<\/em><\/strong>Carina Edblad<br \/>\nVD Thomas Betong AB<br \/>\n<a href=\"mailto:carina.edblad@thomasbetong.se\">carina.edblad@thomasbetong.se<\/a><br \/>\nTelefon: 010-450 50 00 <\/span><\/p>\n<p>Hans Karlander<br \/>\nVD och Koncernchef<br \/>\nThomas Concrete Group AB<br \/>\nhans.karlander@thomasconcretegroup.com<\/p>\n<p>Telefon: 010-450 50 00<\/p>\n<p>&nbsp;<\/p>\n","protected":false},"excerpt":{"rendered":"<p>Thomas Betongs helt nya fabrik i Heby v\u00e4ster om Uppsala, som invigs den 28 september, kommer i tv\u00e5skift att producera prefabricerade skalv\u00e4ggar och plattb\u00e4rlag i s\u00e5dan volym att det motsvarar cirka 4 000 nyproducerade l\u00e4genheter per \u00e5r. Bostadsbristen i Stockholm och M\u00e4larregion \u00e4r fortfarande stor. &#8220;Genom den nya fabriken i Heby m\u00f6ter vi marknadens behov &#8230;<\/p>\n","protected":false},"author":92,"featured_media":76,"comment_status":"open","ping_status":"open","sticky":false,"template":"","format":"standard","meta":{"_monsterinsights_skip_tracking":false,"_monsterinsights_sitenote_active":false,"_monsterinsights_sitenote_note":"","_monsterinsights_sitenote_category":0,"_links_to":"","_links_to_target":""},"categories":[1],"tags":[],"_links":{"self":[{"href":"https:\/\/hallbartbyggande.com\/thomasbetong\/wp-json\/wp\/v2\/posts\/75"}],"collection":[{"href":"https:\/\/hallbartbyggande.com\/thomasbetong\/wp-json\/wp\/v2\/posts"}],"about":[{"href":"https:\/\/hallbartbyggande.com\/thomasbetong\/wp-json\/wp\/v2\/types\/post"}],"author":[{"embeddable":true,"href":"https:\/\/hallbartbyggande.com\/thomasbetong\/wp-json\/wp\/v2\/users\/92"}],"replies":[{"embeddable":true,"href":"https:\/\/hallbartbyggande.com\/thomasbetong\/wp-json\/wp\/v2\/comments?post=75"}],"version-history":[{"count":1,"href":"https:\/\/hallbartbyggande.com\/thomasbetong\/wp-json\/wp\/v2\/posts\/75\/revisions"}],"predecessor-version":[{"id":77,"href":"https:\/\/hallbartbyggande.com\/thomasbetong\/wp-json\/wp\/v2\/posts\/75\/revisions\/77"}],"wp:featuredmedia":[{"embeddable":true,"href":"https:\/\/hallbartbyggande.com\/thomasbetong\/wp-json\/wp\/v2\/media\/76"}],"wp:attachment":[{"href":"https:\/\/hallbartbyggande.com\/thomasbetong\/wp-json\/wp\/v2\/media?parent=75"}],"wp:term":[{"taxonomy":"category","embeddable":true,"href":"https:\/\/hallbartbyggande.com\/thomasbetong\/wp-json\/wp\/v2\/categories?post=75"},{"taxonomy":"post_tag","embeddable":true,"href":"https:\/\/hallbartbyggande.com\/thomasbetong\/wp-json\/wp\/v2\/tags?post=75"}],"curies":[{"name":"wp","href":"https:\/\/api.w.org\/{rel}","templated":true}]}}