										  
											  
											 {"id":51,"date":"2016-12-15T08:48:03","date_gmt":"2016-12-15T07:48:03","guid":{"rendered":"http:\/\/hallbartbyggande.com\/thomasbetong\/?p=51"},"modified":"2016-12-15T08:48:03","modified_gmt":"2016-12-15T07:48:03","slug":"thomas-concrete-group-starker-sin-ledningsgrupp","status":"publish","type":"post","link":"https:\/\/hallbartbyggande.com\/thomasbetong\/thomas-concrete-group-starker-sin-ledningsgrupp\/","title":{"rendered":"Thomas Concrete Group st\u00e4rker sin ledningsgrupp"},"content":{"rendered":"<p>Lennart Bj\u00f6rnstr\u00f6m tilltr\u00e4der den 9e januari 2017 rollen som <em>&#8220;CIO and Head of Business Development&#8221;<\/em> f\u00f6r Thomas Concrete Group. Lennart kommer att ing\u00e5 i koncernledningen och utg\u00e5 fr\u00e5n huvudkontoret p\u00e5 S\u00f6dra v\u00e4gen i G\u00f6teborg.<\/p>\n<p>Lennarts roll blir framf\u00f6rallt att leda koncernens strategiska IT-arbete samt att driva projekt f\u00f6r verksamhetsutveckling, som st\u00e4rker Thomas Concrete Groups konkurrenskraft och effektivitet. Han kommer att ha ett n\u00e4ra samarbete med respektive dotterbolags VD och varje bolags IT avdelning.<\/p>\n<p>Lennart Bj\u00f6rnstr\u00f6m \u00e4r civ. ing. Industriell Ekonomi och kommer n\u00e4rmast fr\u00e5n SKF, men har \u00e4ven sedan tidigare erfarenhet inom IT och aff\u00e4rsutveckling fr\u00e5n ett antal olika f\u00f6retag och branscher, bl a Atlas Copco, Nobel Biocare, Novartis och konsultf\u00f6retaget Frontec.<\/p>\n<p>&#8220;Lennart \u00e4r ett mycket v\u00e4rdefullt tillskott till v\u00e5rt internationella team. Med hans erfarenhet, kunskap och positiva energi tar vi ytterligare steg fram\u00e5t mot att st\u00e4rka oss som grupp. Vi f\u00e5r nu vidare m\u00f6jligheter att utvecklas mot att bli b\u00e4st i v\u00e5r bransch&#8221;, s\u00e4ger Hans Karlander, VD och Koncernchef Thomas Concrete Group AB.<\/p>\n<p>Thomas Concrete Group \u00e4r p\u00e5 en strategisk, intensiv resa f\u00f6r att utveckla f\u00f6retaget inf\u00f6r framtiden. F\u00f6retaget fokuserar p\u00e5 att bli \u00e4nnu b\u00e4ttre p\u00e5 kundservice samt att bygga en starkare koncern. F\u00f6r snart tv\u00e5 \u00e5r sedan lanserade Thomas Concrete Group en ny gemensam varum\u00e4rkesidentitet f\u00f6r alla sina dotterbolag. Gruppen v\u00e4xer och har sedan 2014 f\u00f6rv\u00e4rvat ett 25-tal fabriker i b\u00e5de USA, Tyskland och Polen. I Sverige genomf\u00f6rdes tidigare i \u00e5r en st\u00f6rre strukturaff\u00e4r som ett steg mot en b\u00e4ttre fabriksstruktur och betydligt b\u00e4ttre m\u00f6jligheter till h\u00f6g kundservice. Den snabba utvecklingen av f\u00f6retaget, \u00f6kande efterfr\u00e5gan p\u00e5 betong och de h\u00f6ga f\u00f6rv\u00e4ntningarna fr\u00e5n kunder g\u00f6r att det blir ett naturligt steg att st\u00e4rka organisationen med ytterligare kompetens.<\/p>\n<p><em>Foto: Lennart Bjornstrom, CIO and Head of Business Development p\u00e5 Thomas Concrete Group<\/em><\/p>\n","protected":false},"excerpt":{"rendered":"<p>Lennart Bj\u00f6rnstr\u00f6m tilltr\u00e4der den 9e januari 2017 rollen som &#8220;CIO and Head of Business Development&#8221; f\u00f6r Thomas Concrete Group. Lennart kommer att ing\u00e5 i koncernledningen och utg\u00e5 fr\u00e5n huvudkontoret p\u00e5 S\u00f6dra v\u00e4gen i G\u00f6teborg. Lennarts roll blir framf\u00f6rallt att leda koncernens strategiska IT-arbete samt att driva projekt f\u00f6r verksamhetsutveckling, som st\u00e4rker Thomas Concrete Groups konkurrenskraft &#8230;<\/p>\n","protected":false},"author":92,"featured_media":61,"comment_status":"open","ping_status":"open","sticky":false,"template":"","format":"standard","meta":{"_monsterinsights_skip_tracking":false,"_monsterinsights_sitenote_active":false,"_monsterinsights_sitenote_note":"","_monsterinsights_sitenote_category":0,"_links_to":"","_links_to_target":""},"categories":[1],"tags":[],"_links":{"self":[{"href":"https:\/\/hallbartbyggande.com\/thomasbetong\/wp-json\/wp\/v2\/posts\/51"}],"collection":[{"href":"https:\/\/hallbartbyggande.com\/thomasbetong\/wp-json\/wp\/v2\/posts"}],"about":[{"href":"https:\/\/hallbartbyggande.com\/thomasbetong\/wp-json\/wp\/v2\/types\/post"}],"author":[{"embeddable":true,"href":"https:\/\/hallbartbyggande.com\/thomasbetong\/wp-json\/wp\/v2\/users\/92"}],"replies":[{"embeddable":true,"href":"https:\/\/hallbartbyggande.com\/thomasbetong\/wp-json\/wp\/v2\/comments?post=51"}],"version-history":[{"count":7,"href":"https:\/\/hallbartbyggande.com\/thomasbetong\/wp-json\/wp\/v2\/posts\/51\/revisions"}],"predecessor-version":[{"id":62,"href":"https:\/\/hallbartbyggande.com\/thomasbetong\/wp-json\/wp\/v2\/posts\/51\/revisions\/62"}],"wp:featuredmedia":[{"embeddable":true,"href":"https:\/\/hallbartbyggande.com\/thomasbetong\/wp-json\/wp\/v2\/media\/61"}],"wp:attachment":[{"href":"https:\/\/hallbartbyggande.com\/thomasbetong\/wp-json\/wp\/v2\/media?parent=51"}],"wp:term":[{"taxonomy":"category","embeddable":true,"href":"https:\/\/hallbartbyggande.com\/thomasbetong\/wp-json\/wp\/v2\/categories?post=51"},{"taxonomy":"post_tag","embeddable":true,"href":"https:\/\/hallbartbyggande.com\/thomasbetong\/wp-json\/wp\/v2\/tags?post=51"}],"curies":[{"name":"wp","href":"https:\/\/api.w.org\/{rel}","templated":true}]}}