										  
											  
											 {"id":65,"date":"2016-11-25T11:23:55","date_gmt":"2016-11-25T10:23:55","guid":{"rendered":"http:\/\/hallbartbyggande.com\/skanska\/?p=65"},"modified":"2016-12-12T11:24:16","modified_gmt":"2016-12-12T10:24:16","slug":"skanska-lanserar-grona-lastbilar-for-tranga-stadsprojekt","status":"publish","type":"post","link":"https:\/\/hallbartbyggande.com\/skanska\/skanska-lanserar-grona-lastbilar-for-tranga-stadsprojekt\/","title":{"rendered":"Skanska lanserar gr\u00f6na lastbilar"},"content":{"rendered":"<p>G\u00f6teborg st\u00e5r inf\u00f6r flera stora centrala infrastrukturprojekt d\u00e4r tillg\u00e4nglighet, h\u00e5llbarhet och s\u00e4kerhet \u00e4r kritiska fr\u00e5gor. Skanskas anl\u00e4ggningsverksamhet i v\u00e4st har d\u00e4rf\u00f6r tillsammans med Volvo Lastvagnar och JH Entreprenad utvecklat ett nytt milj\u00f6fordon, speciellt framtaget f\u00f6r tr\u00e5nga stadsprojekt.<\/p>\n<p>I j\u00e4mf\u00f6relse med en traditionell trailer \u00e4r milj\u00f6f\u00f6rdelarna hos det nya fordonet flera. Den drivs av 100 % f\u00f6rnybart HVO-br\u00e4nsle utan palmoljer\u00e5vara, den har f\u00f6rdubblad lastkapacitet och totalutsl\u00e4ppet \u00e4r mindre. Den \u00f6kade lastkapaciteten g\u00f6r att det totala antalet transporter minskar och d\u00e4rmed \u00e4ven slitaget p\u00e5 v\u00e4gn\u00e4tet och buller i omgivningen.<\/p>\n<p>\u2013 Vi tyckte det var dags att g\u00f6ra n\u00e5got rej\u00e4lt. Skanska, liksom v\u00e5ra kunder, har h\u00f6gt satta m\u00e5l inom klimatomr\u00e5det. Det h\u00e4r \u00e4r ett av flera steg i r\u00e4tt riktning, s\u00e4ger Markus Arfvidsson, regionchef V\u00e4g och Anl\u00e4ggning V\u00e4st p\u00e5 Skanska Sverige.<\/p>\n<p>Skanskas ambition \u00e4r att ers\u00e4tta den s\u00e5 kallade tridemlastbilen med milj\u00f6fordonet i samtliga projekt i G\u00f6teborgsomr\u00e5det. F\u00f6rutom f\u00f6rdelarna inom milj\u00f6 och s\u00e4kerhet har den nya lastbilen en oslagbar sv\u00e4ngradie, vilket g\u00f6r att den passar utm\u00e4rkt i centrala stadsmilj\u00f6er.<\/p>\n<p>Skanska Sverige har antagit en vision om att n\u00e5 klimatneutralitet 2050. Med klimatneutralitet menar Skanska att produktionen och byggprojekten inte har n\u00e5gra klimatutsl\u00e4pp och att \u00e4ven leverant\u00f6rer och underentrepren\u00f6rer inkluderas. Anv\u00e4ndandet av fossilfria br\u00e4nslen \u00e4r ett av m\u00e5nga steg p\u00e5 v\u00e4gen mot m\u00e5let.<\/p>\n<p>&nbsp;<\/p>\n<p><span style=\"text-decoration: underline;\"><a href=\"http:\/\/hallbartbyggande.com\/skanska\/wp-content\/blogs.dir\/sites\/85\/2016\/11\/Produktblad.pdf\" target=\"_blank\"><strong>L\u00c4S MER:<\/strong> Produktblad Milj\u00f6fordon f\u00f6r stadsprojekt<\/a><\/span><\/p>\n<h2><\/h2>\n<h2>Se filmen om lastbilen:<\/h2>\n<p><iframe loading=\"lazy\" width=\"785\" height=\"442\" src=\"https:\/\/www.youtube.com\/embed\/COcw2C802FM?feature=oembed\" frameborder=\"0\" allowfullscreen><\/iframe><\/p>\n<h2><\/h2>\n<h2>F\u00f6r ytterligare information kontakta:<\/h2>\n<p><strong>Markus Arfvidsson<\/strong><br \/>\nRegionchef, Skanska Sverige<br \/>\n<strong>Tel:<\/strong> 010-448 40 21<br \/>\n<strong>E-post:<\/strong> markus.arfvidsson@skanska.se<\/p>\n","protected":false},"excerpt":{"rendered":"<p>G\u00f6teborg st\u00e5r inf\u00f6r flera stora centrala infrastrukturprojekt d\u00e4r tillg\u00e4nglighet, h\u00e5llbarhet och s\u00e4kerhet \u00e4r kritiska fr\u00e5gor. Skanskas anl\u00e4ggningsverksamhet i v\u00e4st har d\u00e4rf\u00f6r tillsammans med Volvo Lastvagnar och JH Entreprenad utvecklat ett nytt milj\u00f6fordon, speciellt framtaget f\u00f6r tr\u00e5nga stadsprojekt. I j\u00e4mf\u00f6relse med en traditionell trailer \u00e4r milj\u00f6f\u00f6rdelarna hos det nya fordonet flera. Den drivs av 100 % &#8230;<\/p>\n","protected":false},"author":111,"featured_media":66,"comment_status":"open","ping_status":"open","sticky":false,"template":"","format":"standard","meta":{"_monsterinsights_skip_tracking":false,"_monsterinsights_sitenote_active":false,"_monsterinsights_sitenote_note":"","_monsterinsights_sitenote_category":0,"_links_to":"","_links_to_target":""},"categories":[1],"tags":[],"_links":{"self":[{"href":"https:\/\/hallbartbyggande.com\/skanska\/wp-json\/wp\/v2\/posts\/65"}],"collection":[{"href":"https:\/\/hallbartbyggande.com\/skanska\/wp-json\/wp\/v2\/posts"}],"about":[{"href":"https:\/\/hallbartbyggande.com\/skanska\/wp-json\/wp\/v2\/types\/post"}],"author":[{"embeddable":true,"href":"https:\/\/hallbartbyggande.com\/skanska\/wp-json\/wp\/v2\/users\/111"}],"replies":[{"embeddable":true,"href":"https:\/\/hallbartbyggande.com\/skanska\/wp-json\/wp\/v2\/comments?post=65"}],"version-history":[{"count":3,"href":"https:\/\/hallbartbyggande.com\/skanska\/wp-json\/wp\/v2\/posts\/65\/revisions"}],"predecessor-version":[{"id":71,"href":"https:\/\/hallbartbyggande.com\/skanska\/wp-json\/wp\/v2\/posts\/65\/revisions\/71"}],"wp:featuredmedia":[{"embeddable":true,"href":"https:\/\/hallbartbyggande.com\/skanska\/wp-json\/wp\/v2\/media\/66"}],"wp:attachment":[{"href":"https:\/\/hallbartbyggande.com\/skanska\/wp-json\/wp\/v2\/media?parent=65"}],"wp:term":[{"taxonomy":"category","embeddable":true,"href":"https:\/\/hallbartbyggande.com\/skanska\/wp-json\/wp\/v2\/categories?post=65"},{"taxonomy":"post_tag","embeddable":true,"href":"https:\/\/hallbartbyggande.com\/skanska\/wp-json\/wp\/v2\/tags?post=65"}],"curies":[{"name":"wp","href":"https:\/\/api.w.org\/{rel}","templated":true}]}}