										  
											  
											 {"id":57,"date":"2015-09-29T14:07:56","date_gmt":"2015-09-29T12:07:56","guid":{"rendered":"http:\/\/hallbartbyggande.com\/siemens\/?p=57"},"modified":"2015-09-29T14:07:56","modified_gmt":"2015-09-29T12:07:56","slug":"siemens-ska-bli-klimatneutralt-till-2030","status":"publish","type":"post","link":"https:\/\/hallbartbyggande.com\/siemens\/siemens-ska-bli-klimatneutralt-till-2030\/","title":{"rendered":"Siemens ska bli klimatneutralt till 2030"},"content":{"rendered":"<p><strong>Siemens satsar p\u00e5 att bli v\u00e4rldens f\u00f6rsta, st\u00f6rre, industrif\u00f6retag som blir helt klimatneutrala till \u00e5r 2030. Som ett f\u00f6rsta steg ska f\u00f6retaget halvera sina CO<sub><span style=\"font-size: xx-small\">2<\/span><\/sub>-utsl\u00e4pp, som idag \u00e4r 2,2 miljoner ton, till \u00e5r 2020. F\u00f6r att uppn\u00e5 detta m\u00e5l kommer Siemens under de n\u00e4rmaste tre \u00e5ren investera n\u00e4rmare 100 miljoner euro f\u00f6r att minska energif\u00f6rbrukningen i sina produktionsanl\u00e4ggningar och fastigheter.<\/strong><\/p>\n<p>Siemens kommer under de n\u00e4rmaste \u00e5ren investera i flera innovativa l\u00f6sningar f\u00f6r dels energihantering samt \u00e4ven automation och energieffektiviseringar inom fastigheter och produktion. Sammanlagt r\u00e4knar Siemens med att spara n\u00e4rmare 20 miljoner euro \u00e5rligen i minskade energikostnader.Under arbetet kommer bland annat 40 miljoner euro att investeras i 15 produktionsanl\u00e4ggningar \u00f6ver hela v\u00e4rlden f\u00f6r att minska energianv\u00e4ndningen.<\/p>\n<p><em>-Genom att minska v\u00e5r klimatp\u00e5verkan, minskar vi inte bara v\u00e5ra CO<sub><span style=\"font-size: xx-small\">2<\/span><\/sub>-utsl\u00e4pp utan det minskar \u00e4ven v\u00e5ra kostnader. Att g\u00f6ra klimatinvesteringar \u00e4r helt enkelt en l\u00f6nsam investering, s\u00e4ger Maria Baldin, kommunikations- och h\u00e5llbarhetschef p\u00e5 Siemens AB.<\/em><\/p>\n<p>F\u00f6r att minska CO<sub><span style=\"font-size: xx-small\">2<\/span><\/sub>-utsl\u00e4ppen p\u00e5 l\u00e5ng sikt kommer Siemens genomf\u00f6ra tre initiativ. F\u00f6r det f\u00f6rsta ska fastigheter och produktionsanl\u00e4ggningar anv\u00e4nda sig utav smarta energihanteringssystem f\u00f6r att optimera energianv\u00e4ndningen. F\u00f6r det andra ska hela Siemens globala fordonsflotta best\u00e5 av fordon som har l\u00e5ga eller inga utsl\u00e4pp. F\u00f6r det tredje ska Siemens \u00e4ven v\u00e4lja en renare energi-mix genom att \u00f6ka andelen energik\u00e4llor som har l\u00e5g eller inga CO<sub><span style=\"font-size: xx-small\">2<\/span><\/sub>-utsl\u00e4pp, exempelvis naturgas eller vindkraft.<br \/>\nF\u00f6r mer information och pressmaterial v\u00e4nligen bes\u00f6k <a href=\"http:\/\/www.siemens.com\/press\/co2-neutral\" target=\"_top\" rel=\"nofollow\"><span style=\"color: #990000\">www.siemens.com\/press\/co2-neutral<\/span><\/a> [eng]\n<p><strong><strong>Bes\u00f6k v\u00e5rt pressrum f\u00f6r bilder och alla v\u00e5ra pressmeddelanden:<\/strong><br \/>\n<a href=\"http:\/\/www.siemens.se\/press\" target=\"_top\" rel=\"nofollow\"><span style=\"color: #990000\">www.siemens.se\/press<\/span><\/a><\/strong><\/p>\n<p><strong><strong>F\u00f6r mer information, kontakta:<\/strong>Daniel Valiollahi, tf. presskontakt.<br \/>\n<\/strong><strong>Tfn: 070 728 15 31 <a href=\"mailto:daniel.valiollahi.ext@siemens.com\" rel=\"nofollow\"><span style=\"color: #990000\">daniel.valiollahi.ext@siemens.com<\/span><\/a><\/strong><\/p>\n<p><strong><strong>F\u00f6lj oss p\u00e5 Facebook och Twitter: <\/strong><a href=\"http:\/\/www.facebook.com\/siemens.sverige\" target=\"_top\" rel=\"nofollow\"><span style=\"color: #990000\">www.facebook.com\/siemens.sverige<\/span><\/a><br \/>\n@Siemens_Sverige<\/strong><\/p>\n","protected":false},"excerpt":{"rendered":"<p>Siemens satsar p\u00e5 att bli v\u00e4rldens f\u00f6rsta, st\u00f6rre, industrif\u00f6retag som blir helt klimatneutrala till \u00e5r 2030. Som ett f\u00f6rsta steg ska f\u00f6retaget halvera sina CO2-utsl\u00e4pp, som idag \u00e4r 2,2 miljoner ton, till \u00e5r 2020. F\u00f6r att uppn\u00e5 detta m\u00e5l kommer Siemens under de n\u00e4rmaste tre \u00e5ren investera n\u00e4rmare 100 miljoner euro f\u00f6r att minska energif\u00f6rbrukningen &#8230;<\/p>\n","protected":false},"author":16,"featured_media":68,"comment_status":"open","ping_status":"open","sticky":false,"template":"","format":"standard","meta":{"_monsterinsights_skip_tracking":false,"_monsterinsights_sitenote_active":false,"_monsterinsights_sitenote_note":"","_monsterinsights_sitenote_category":0,"_links_to":"","_links_to_target":""},"categories":[1],"tags":[],"_links":{"self":[{"href":"https:\/\/hallbartbyggande.com\/siemens\/wp-json\/wp\/v2\/posts\/57"}],"collection":[{"href":"https:\/\/hallbartbyggande.com\/siemens\/wp-json\/wp\/v2\/posts"}],"about":[{"href":"https:\/\/hallbartbyggande.com\/siemens\/wp-json\/wp\/v2\/types\/post"}],"author":[{"embeddable":true,"href":"https:\/\/hallbartbyggande.com\/siemens\/wp-json\/wp\/v2\/users\/16"}],"replies":[{"embeddable":true,"href":"https:\/\/hallbartbyggande.com\/siemens\/wp-json\/wp\/v2\/comments?post=57"}],"version-history":[{"count":4,"href":"https:\/\/hallbartbyggande.com\/siemens\/wp-json\/wp\/v2\/posts\/57\/revisions"}],"predecessor-version":[{"id":70,"href":"https:\/\/hallbartbyggande.com\/siemens\/wp-json\/wp\/v2\/posts\/57\/revisions\/70"}],"wp:featuredmedia":[{"embeddable":true,"href":"https:\/\/hallbartbyggande.com\/siemens\/wp-json\/wp\/v2\/media\/68"}],"wp:attachment":[{"href":"https:\/\/hallbartbyggande.com\/siemens\/wp-json\/wp\/v2\/media?parent=57"}],"wp:term":[{"taxonomy":"category","embeddable":true,"href":"https:\/\/hallbartbyggande.com\/siemens\/wp-json\/wp\/v2\/categories?post=57"},{"taxonomy":"post_tag","embeddable":true,"href":"https:\/\/hallbartbyggande.com\/siemens\/wp-json\/wp\/v2\/tags?post=57"}],"curies":[{"name":"wp","href":"https:\/\/api.w.org\/{rel}","templated":true}]}}