										  
											  
											 {"id":229,"date":"2018-11-23T09:38:35","date_gmt":"2018-11-23T08:38:35","guid":{"rendered":"https:\/\/hallbartbyggande.com\/schueco\/?p=229"},"modified":"2018-11-23T10:12:47","modified_gmt":"2018-11-23T09:12:47","slug":"nationalmuseum-glaskupoler-med-doft-av-artonhundratal-och-modern-high-tech","status":"publish","type":"post","link":"https:\/\/hallbartbyggande.com\/schueco\/nationalmuseum-glaskupoler-med-doft-av-artonhundratal-och-modern-high-tech\/","title":{"rendered":"Nationalmuseum &#8211; glaskupoler med doft av artonhundratal och modern high-tech"},"content":{"rendered":"<p>Efter fem l\u00e5nga \u00e5r av k\u00e4rleksfull renovering \u00f6ppnades den 13 oktober d\u00f6rrarna till det nya Nationalmuseum. Reaktionerna har alltsedan dess varit \u00f6verv\u00e4ldigande och n\u00e5tt l\u00e5ngt utanf\u00f6r Sveriges gr\u00e4nser. S\u00e4rskilt stolta \u00e4r Sch\u00fcco \u00f6ver de vackra glastaken som t\u00e4cker ljusg\u00e5rdarna och kastar nytt ljus \u00f6ver v\u00e5ra svenska nationalklenoder. Tv\u00e5 oaser d\u00e4r modern teknik f\u00f6renats i ett formspr\u00e5k som passar v\u00e4l samman med byggnadens ursprung i 1800-talet.<\/p>\n<p>Sedan uruppf\u00f6randet 1866 har en rad renoveringar skett, men aldrig av det slag vi nu f\u00e5r ta del av. Det historiska kulturarvet har moderniserats efter dagens krav med stor h\u00e4nsyn tagen till klimat och s\u00e4kerhet och hela tiden ur ett arkitektoniskt perspektiv. Ombyggnationen har skapat m\u00e5nga nya utrymmen och extra plats f\u00f6r bes\u00f6kare och utst\u00e4llare. Bland annat har museet idag tv\u00e5 ljusg\u00e5rdar med glastak i en klass f\u00f6r sig. Det \u00e4r h\u00e4r Sch\u00fccos specialdesignade l\u00f6sningar kommer in i bilden. Slutresultatet blev vackra parametriska glastak som bryter ljuset och ljudet och d\u00e4rmed skapar en behaglig akustik i lokalen. Ingen beskriver detta b\u00e4ttre \u00e4n arkitekten Gert Wing\u00e5rdh:<\/p>\n<blockquote><p><em>\u201dNationalmuseum har genomg\u00e5tt en stor uppdatering. Nya system f\u00f6r klimat och s\u00e4kerhet, \u00e5terst\u00e4llda f\u00f6nster och s\u00e5 har mus\u00e9et \u00e5terf\u00e5tt tv\u00e5 ljusg\u00e5rdar. V\u00e4nd \u00f6gat mot himlen och du ser tunna glaskupoler d\u00e4r varje glas-f\u00e4lt \u00e4r byggt som en flack pyramid. Det \u00e4r skirt, sirligt och doftar artonhundratal, samtidigt som det \u00e4r modernt, high-tech och ytterst funktionellt. En \u00f6verglasning kan ibland ge en bullrig milj\u00f6. Kupolen \u00e4r en bra geometri f\u00f6r att med tunna delar b\u00e4ra stora laster, men den kan ocks\u00e5 \u00e5terkasta ljud som ett br\u00e4nnglas f\u00f6rst\u00e4rker v\u00e4rmen till en \u00f6ppen l\u00e5ga. Det \u00e4r h\u00e4r pyramidformen kommer in. De reflekterande glasytorna har var och en unik vinkel som sprider ut ljudet ist\u00e4llet f\u00f6r att koncentrera det. N\u00e4r det n\u00e5r v\u00e4ggarna \u00e4r de dessutom absorberande. Det \u00e4r de gr\u00e5tt avf\u00e4rgade v\u00e4ggarna som med sina porer sv\u00e4ljer ljudet och \u00e5terger ett milt, of\u00e4rgat ljus till utst\u00e4llningssalarna.&#8221;<\/em><\/p>\n<p><em>Gert Wing\u00e5rdh, arkitekt tillsammans med Erik Wikerst\u00e5l ansvarig arkitekt f\u00f6r ombyggnaden.<\/em><\/p><\/blockquote>\n<p><img decoding=\"async\" loading=\"lazy\" class=\"alignnone size-full wp-image-231\" src=\"https:\/\/hallbartbyggande.com\/schueco\/wp-content\/blogs.dir\/sites\/60\/2018\/11\/Schuco_Nationalmuseum_glastak_parametriskt.jpg\" alt=\"\" width=\"785\" height=\"524\" srcset=\"https:\/\/hallbartbyggande.com\/schueco\/wp-content\/blogs.dir\/sites\/60\/2018\/11\/Schuco_Nationalmuseum_glastak_parametriskt.jpg 785w, https:\/\/hallbartbyggande.com\/schueco\/wp-content\/blogs.dir\/sites\/60\/2018\/11\/Schuco_Nationalmuseum_glastak_parametriskt-680x454.jpg 680w, https:\/\/hallbartbyggande.com\/schueco\/wp-content\/blogs.dir\/sites\/60\/2018\/11\/Schuco_Nationalmuseum_glastak_parametriskt-768x513.jpg 768w, https:\/\/hallbartbyggande.com\/schueco\/wp-content\/blogs.dir\/sites\/60\/2018\/11\/Schuco_Nationalmuseum_glastak_parametriskt-600x401.jpg 600w\" sizes=\"(max-width: 785px) 100vw, 785px\" \/><\/p>\n<p>Uppgiften att renovera Nationalmuseum bestod till stor del i att \u00e5terta m\u00f6jligheterna till dagsljus och utsikt, sl\u00e4ppa in frisk luft. Att \u00e5stadkomma f\u00f6r\u00e4ndring med h\u00e4nsyn till arkitekturen och de kulturhistoriska v\u00e4rdena. L\u00e4nge ans\u00e5gs dagsljus utg\u00f6ra ett hot mot konstverken och f\u00f6rnimmelsen av dem men i takt med att vi har l\u00e4rt oss mer om hur ljuset egentligen p\u00e5verkar m\u00e5lerier och bidrar till att f\u00f6rh\u00f6ja upplevelsen, utg\u00f6r det nu ett allt viktigare inslag i museer runt om i v\u00e4rlden. Dessutom har teknikutvecklingen tagit milsl\u00e5nga steg och idag finns m\u00e5nga olika typer av multifunktionella glas med smarta funktioner p\u00e5 marknaden.<\/p>\n<p>De tidigare glastaken p\u00e5 Nationalmuseum tj\u00e4nade i f\u00f6rsta hand som v\u00e4derskydd medan de nya, specialdesignade konstruktionerna, utg\u00f6r en viktig del i moderniseringen genom att addera b\u00e5de mycket och r\u00e4tt ljusinfall samt bidra till en behaglig akustik. Formen \u00e4r b\u00e5de nyt\u00e4nkande och 1800-talsm\u00e4ssig vilket visar prov den fantastiska fink\u00e4nslighet med vilken renoveringen har genomf\u00f6rts. Glasen har en l\u00e5gemissionsbel\u00e4ggning som ger inbyggt solskydd och sl\u00e4pper in r\u00e4tt m\u00e4ngd ljus samt reducerar solv\u00e4rmen varma sommardagar. De har sammanfogats p\u00e5 ett s\u00e5dant s\u00e4tt att de d\u00e4mpar ljudet i glasg\u00e5rden under. Den trestegst\u00e4tade strukturen har ocks\u00e5 inbyggt dr\u00e4nagesystem. Konstruktionen \u00e4r en projektanpassad l\u00f6sning som byggts upp i fullskalig mockup och testats i Sch\u00fccos ackrediterade testanl\u00e4ggning i Bielefeld, Tyskland. Resultatet talar f\u00f6r sig sj\u00e4lv.<\/p>\n<p><img decoding=\"async\" loading=\"lazy\" class=\"alignnone size-full wp-image-232\" src=\"https:\/\/hallbartbyggande.com\/schueco\/wp-content\/blogs.dir\/sites\/60\/2018\/11\/Schuco_parametriskt-glastak_Nationalmuseum_exterior.jpg\" alt=\"\" width=\"785\" height=\"524\" srcset=\"https:\/\/hallbartbyggande.com\/schueco\/wp-content\/blogs.dir\/sites\/60\/2018\/11\/Schuco_parametriskt-glastak_Nationalmuseum_exterior.jpg 785w, https:\/\/hallbartbyggande.com\/schueco\/wp-content\/blogs.dir\/sites\/60\/2018\/11\/Schuco_parametriskt-glastak_Nationalmuseum_exterior-680x454.jpg 680w, https:\/\/hallbartbyggande.com\/schueco\/wp-content\/blogs.dir\/sites\/60\/2018\/11\/Schuco_parametriskt-glastak_Nationalmuseum_exterior-768x513.jpg 768w, https:\/\/hallbartbyggande.com\/schueco\/wp-content\/blogs.dir\/sites\/60\/2018\/11\/Schuco_parametriskt-glastak_Nationalmuseum_exterior-600x401.jpg 600w\" sizes=\"(max-width: 785px) 100vw, 785px\" \/><\/p>\n","protected":false},"excerpt":{"rendered":"<p>Efter fem l\u00e5nga \u00e5r av k\u00e4rleksfull renovering \u00f6ppnades den 13 oktober d\u00f6rrarna till det nya Nationalmuseum. Reaktionerna har alltsedan dess varit \u00f6verv\u00e4ldigande och n\u00e5tt l\u00e5ngt utanf\u00f6r Sveriges gr\u00e4nser. S\u00e4rskilt stolta \u00e4r Sch\u00fcco \u00f6ver de vackra glastaken som t\u00e4cker ljusg\u00e5rdarna och kastar nytt ljus \u00f6ver v\u00e5ra svenska nationalklenoder. Tv\u00e5 oaser d\u00e4r modern teknik f\u00f6renats i ett &#8230;<\/p>\n","protected":false},"author":110,"featured_media":230,"comment_status":"open","ping_status":"open","sticky":false,"template":"","format":"standard","meta":{"_monsterinsights_skip_tracking":false,"_monsterinsights_sitenote_active":false,"_monsterinsights_sitenote_note":"","_monsterinsights_sitenote_category":0,"_links_to":"","_links_to_target":""},"categories":[1],"tags":[],"_links":{"self":[{"href":"https:\/\/hallbartbyggande.com\/schueco\/wp-json\/wp\/v2\/posts\/229"}],"collection":[{"href":"https:\/\/hallbartbyggande.com\/schueco\/wp-json\/wp\/v2\/posts"}],"about":[{"href":"https:\/\/hallbartbyggande.com\/schueco\/wp-json\/wp\/v2\/types\/post"}],"author":[{"embeddable":true,"href":"https:\/\/hallbartbyggande.com\/schueco\/wp-json\/wp\/v2\/users\/110"}],"replies":[{"embeddable":true,"href":"https:\/\/hallbartbyggande.com\/schueco\/wp-json\/wp\/v2\/comments?post=229"}],"version-history":[{"count":2,"href":"https:\/\/hallbartbyggande.com\/schueco\/wp-json\/wp\/v2\/posts\/229\/revisions"}],"predecessor-version":[{"id":244,"href":"https:\/\/hallbartbyggande.com\/schueco\/wp-json\/wp\/v2\/posts\/229\/revisions\/244"}],"wp:featuredmedia":[{"embeddable":true,"href":"https:\/\/hallbartbyggande.com\/schueco\/wp-json\/wp\/v2\/media\/230"}],"wp:attachment":[{"href":"https:\/\/hallbartbyggande.com\/schueco\/wp-json\/wp\/v2\/media?parent=229"}],"wp:term":[{"taxonomy":"category","embeddable":true,"href":"https:\/\/hallbartbyggande.com\/schueco\/wp-json\/wp\/v2\/categories?post=229"},{"taxonomy":"post_tag","embeddable":true,"href":"https:\/\/hallbartbyggande.com\/schueco\/wp-json\/wp\/v2\/tags?post=229"}],"curies":[{"name":"wp","href":"https:\/\/api.w.org\/{rel}","templated":true}]}}