										  
											  
											 {"id":218,"date":"2018-08-27T09:57:11","date_gmt":"2018-08-27T07:57:11","guid":{"rendered":"https:\/\/hallbartbyggande.com\/schueco\/?p=218"},"modified":"2018-08-27T09:57:46","modified_gmt":"2018-08-27T07:57:46","slug":"schuco-utkommer-med-nytt-nummer-av-inspirationsmagasinet-utsikt","status":"publish","type":"post","link":"https:\/\/hallbartbyggande.com\/schueco\/schuco-utkommer-med-nytt-nummer-av-inspirationsmagasinet-utsikt\/","title":{"rendered":"Sch\u00fcco utkommer med nytt nummer av inspirationsmagasinet \u201dutsikt\u201d"},"content":{"rendered":"<p>Kanske har du redan en klar bild av hur du vill att ditt hem ska se ut eller ocks\u00e5 letar du fortfarande efter den d\u00e4r pusselbiten som f\u00e5r allt att falla p\u00e5 plats. I senaste utg\u00e5van av magasinet utsikt har Sch\u00fcco samlat inspiration f\u00f6r alla som vill bygga smart f\u00f6r framtiden, f\u00f6r dig som \u00e4r beredd att satsa p\u00e5 h\u00e5llbara material, tekniksmarta l\u00f6sningar och en design som st\u00e5r sig \u00f6ver tid.<\/p>\n<p>Sch\u00fcco \u00e4r premiumleverant\u00f6ren med ambitionen att hj\u00e4lpa dig att f\u00f6rverkliga din boendedr\u00f6m med snygga, smarta och h\u00e5llbara glaspartier. I magasinet utsikt har vi samlat matnyttiga tips och inspiration som du kan ha nytta av oavsett om du bygger om den lilla tv\u00e5an i stan eller f\u00f6rverkligar din dr\u00f6mvilla i sk\u00e4rg\u00e5rden.<\/p>\n<p>Utsikt tar med dig hem till villa Vy, arkitekterna Jenny och Jacob Fr\u00f6slee Jonssons fristad p\u00e5 Flat\u00f6n. Ett l\u00e5gm\u00e4lt manifest med massor av himmelsljus. D\u00e4r tomten bj\u00f6d p\u00e5 rej\u00e4la utmaningar men d\u00e4r ocks\u00e5 slutresultat blev precis s\u00e5 bra som familjen dr\u00f6mt om. Vi bes\u00f6ker stylisten och inredaren Ann-Katrin \u201dAnkan\u201d Berggrens moderna sk\u00e4rg\u00e5rdsboende p\u00e5 G\u00e5s\u00f6 och kikar in i m\u00f6beldesignern Johan Lindst\u00e9ns 68 kvm stora bostadsr\u00e4tt p\u00e5 Henriksdalsberget i Nacka som han tillsammans med Pernilla och barnen har byggt om f\u00f6r att f\u00e5 in mer ljus.<\/p>\n<p>I det levande labbet \u201dHSB Living Lab\u201d testar vi id\u00e9er om hur vi kommer att bygga, leva och bo h\u00e5llbart i framtiden. Hur friskv\u00e5rdsgarderober och sharing kan g\u00f6ra det enklare att v\u00e4lja r\u00e4tt. Att tv\u00e4ttstugan lika g\u00e4rna kan vara ett rum f\u00f6r umg\u00e4nge och att tillf\u00e4lliga bygglov f\u00e5r oss att ifr\u00e5gas\u00e4tta konventioner och ist\u00e4llet t\u00e4nka nytt.<\/p>\n<p>F\u00f6r dig som vill bygga Sveriges mest \u00e4lskade rum har vi samlat tio tips p\u00e5 vad du b\u00f6r t\u00e4nka p\u00e5 n\u00e4r du planerar din vintertr\u00e4dg\u00e5rd eller ditt uterum. Har du ist\u00e4llet g\u00e5tt vilse i ytbehandlingsdjungeln reder vi ut begreppen och f\u00f6rklarar skillnaderna mellan olika behandlingsmetoder.<\/p>\n<p>Det och mycket mer bjuder vi p\u00e5 i senaste utg\u00e5van av utsikt.<\/p>\n<div id=\"attachment_224\" style=\"width: 690px\" class=\"wp-caption alignnone\"><img aria-describedby=\"caption-attachment-224\" decoding=\"async\" loading=\"lazy\" class=\"size-medium wp-image-224\" src=\"https:\/\/hallbartbyggande.com\/schueco\/wp-content\/blogs.dir\/sites\/60\/2018\/08\/Villa_Vy-680x407.jpg\" alt=\"\" width=\"680\" height=\"407\" srcset=\"https:\/\/hallbartbyggande.com\/schueco\/wp-content\/blogs.dir\/sites\/60\/2018\/08\/Villa_Vy-680x407.jpg 680w, https:\/\/hallbartbyggande.com\/schueco\/wp-content\/blogs.dir\/sites\/60\/2018\/08\/Villa_Vy-768x460.jpg 768w, https:\/\/hallbartbyggande.com\/schueco\/wp-content\/blogs.dir\/sites\/60\/2018\/08\/Villa_Vy.jpg 785w, https:\/\/hallbartbyggande.com\/schueco\/wp-content\/blogs.dir\/sites\/60\/2018\/08\/Villa_Vy-600x359.jpg 600w\" sizes=\"(max-width: 680px) 100vw, 680px\" \/><p id=\"caption-attachment-224\" class=\"wp-caption-text\">Villa Vy, Jenny &amp; Jacob Fr\u00f6slee Jonsson<\/p><\/div>\n<p>&nbsp;<\/p>\n<div id=\"attachment_223\" style=\"width: 690px\" class=\"wp-caption alignnone\"><img aria-describedby=\"caption-attachment-223\" decoding=\"async\" loading=\"lazy\" class=\"size-medium wp-image-223\" src=\"https:\/\/hallbartbyggande.com\/schueco\/wp-content\/blogs.dir\/sites\/60\/2018\/08\/Villa_Gaso-680x407.jpg\" alt=\"\" width=\"680\" height=\"407\" srcset=\"https:\/\/hallbartbyggande.com\/schueco\/wp-content\/blogs.dir\/sites\/60\/2018\/08\/Villa_Gaso-680x407.jpg 680w, https:\/\/hallbartbyggande.com\/schueco\/wp-content\/blogs.dir\/sites\/60\/2018\/08\/Villa_Gaso-768x460.jpg 768w, https:\/\/hallbartbyggande.com\/schueco\/wp-content\/blogs.dir\/sites\/60\/2018\/08\/Villa_Gaso-600x359.jpg 600w, https:\/\/hallbartbyggande.com\/schueco\/wp-content\/blogs.dir\/sites\/60\/2018\/08\/Villa_Gaso.jpg 772w\" sizes=\"(max-width: 680px) 100vw, 680px\" \/><p id=\"caption-attachment-223\" class=\"wp-caption-text\">Villa G\u00e5s\u00f6, Ann-Katrin \u201dAnkan\u201d Berggren<\/p><\/div>\n<p>&nbsp;<\/p>\n<div id=\"attachment_222\" style=\"width: 690px\" class=\"wp-caption alignnone\"><img aria-describedby=\"caption-attachment-222\" decoding=\"async\" loading=\"lazy\" class=\"size-medium wp-image-222\" src=\"https:\/\/hallbartbyggande.com\/schueco\/wp-content\/blogs.dir\/sites\/60\/2018\/08\/Villa_Fristad-680x407.jpg\" alt=\"\" width=\"680\" height=\"407\" srcset=\"https:\/\/hallbartbyggande.com\/schueco\/wp-content\/blogs.dir\/sites\/60\/2018\/08\/Villa_Fristad-680x407.jpg 680w, https:\/\/hallbartbyggande.com\/schueco\/wp-content\/blogs.dir\/sites\/60\/2018\/08\/Villa_Fristad-600x359.jpg 600w, https:\/\/hallbartbyggande.com\/schueco\/wp-content\/blogs.dir\/sites\/60\/2018\/08\/Villa_Fristad.jpg 752w\" sizes=\"(max-width: 680px) 100vw, 680px\" \/><p id=\"caption-attachment-222\" class=\"wp-caption-text\">Villa Fristad, Peter Lindberg (och Anna Filipsson, ej p\u00e5 bild)<\/p><\/div>\n<p>&nbsp;<\/p>\n<div id=\"attachment_221\" style=\"width: 690px\" class=\"wp-caption alignnone\"><img aria-describedby=\"caption-attachment-221\" decoding=\"async\" loading=\"lazy\" class=\"size-medium wp-image-221\" src=\"https:\/\/hallbartbyggande.com\/schueco\/wp-content\/blogs.dir\/sites\/60\/2018\/08\/Henriksdalsberget-680x407.jpg\" alt=\"\" width=\"680\" height=\"407\" srcset=\"https:\/\/hallbartbyggande.com\/schueco\/wp-content\/blogs.dir\/sites\/60\/2018\/08\/Henriksdalsberget-680x407.jpg 680w, https:\/\/hallbartbyggande.com\/schueco\/wp-content\/blogs.dir\/sites\/60\/2018\/08\/Henriksdalsberget-768x460.jpg 768w, https:\/\/hallbartbyggande.com\/schueco\/wp-content\/blogs.dir\/sites\/60\/2018\/08\/Henriksdalsberget.jpg 785w, https:\/\/hallbartbyggande.com\/schueco\/wp-content\/blogs.dir\/sites\/60\/2018\/08\/Henriksdalsberget-600x359.jpg 600w\" sizes=\"(max-width: 680px) 100vw, 680px\" \/><p id=\"caption-attachment-221\" class=\"wp-caption-text\">L\u00e4genhet Henriksdalsberget\/Nacka, Johan Lindst\u00e9n med familj<\/p><\/div>\n<p>&nbsp;<\/p>\n<div id=\"attachment_220\" style=\"width: 690px\" class=\"wp-caption alignnone\"><img aria-describedby=\"caption-attachment-220\" decoding=\"async\" loading=\"lazy\" class=\"size-medium wp-image-220\" src=\"https:\/\/hallbartbyggande.com\/schueco\/wp-content\/blogs.dir\/sites\/60\/2018\/08\/Villa_Stensjo-680x407.jpg\" alt=\"\" width=\"680\" height=\"407\" srcset=\"https:\/\/hallbartbyggande.com\/schueco\/wp-content\/blogs.dir\/sites\/60\/2018\/08\/Villa_Stensjo-680x407.jpg 680w, https:\/\/hallbartbyggande.com\/schueco\/wp-content\/blogs.dir\/sites\/60\/2018\/08\/Villa_Stensjo-768x460.jpg 768w, https:\/\/hallbartbyggande.com\/schueco\/wp-content\/blogs.dir\/sites\/60\/2018\/08\/Villa_Stensjo.jpg 785w, https:\/\/hallbartbyggande.com\/schueco\/wp-content\/blogs.dir\/sites\/60\/2018\/08\/Villa_Stensjo-600x359.jpg 600w\" sizes=\"(max-width: 680px) 100vw, 680px\" \/><p id=\"caption-attachment-220\" class=\"wp-caption-text\">Villa Stensj\u00f6, familjen Thomsg\u00e5rd<\/p><\/div>\n<p>&nbsp;<\/p>\n<div id=\"attachment_219\" style=\"width: 690px\" class=\"wp-caption alignnone\"><img aria-describedby=\"caption-attachment-219\" decoding=\"async\" loading=\"lazy\" class=\"size-medium wp-image-219\" src=\"https:\/\/hallbartbyggande.com\/schueco\/wp-content\/blogs.dir\/sites\/60\/2018\/08\/Attefall_Varberg-680x407.jpg\" alt=\"\" width=\"680\" height=\"407\" srcset=\"https:\/\/hallbartbyggande.com\/schueco\/wp-content\/blogs.dir\/sites\/60\/2018\/08\/Attefall_Varberg-680x407.jpg 680w, https:\/\/hallbartbyggande.com\/schueco\/wp-content\/blogs.dir\/sites\/60\/2018\/08\/Attefall_Varberg-768x460.jpg 768w, https:\/\/hallbartbyggande.com\/schueco\/wp-content\/blogs.dir\/sites\/60\/2018\/08\/Attefall_Varberg.jpg 785w, https:\/\/hallbartbyggande.com\/schueco\/wp-content\/blogs.dir\/sites\/60\/2018\/08\/Attefall_Varberg-600x359.jpg 600w\" sizes=\"(max-width: 680px) 100vw, 680px\" \/><p id=\"caption-attachment-219\" class=\"wp-caption-text\">Attefall de luxe i Varberg, familjen Angerg\u00e5rd<\/p><\/div>\n<p>Magasinet distribueras just nu med majutg\u00e5van av Residence och kommer \u00e4ven att skickas ut med RUM Bostad och RUM. \u00d6nskar du best\u00e4lla ett eget exemplar (kostnadsfritt) \u00e4r du v\u00e4lkommen att kontakta Melinda Lemke p\u00e5\u00a0<a href=\"mailto:mlemke@schueco.com\" rel=\"nofollow\">mlemke@schueco.com<\/a>\u00a0eller tel. 08-442 76 18.<\/p>\n<p>Trevlig l\u00e4sning \u00f6nskar ditt team Sch\u00fcco Sverige!<\/p>\n","protected":false},"excerpt":{"rendered":"<p>Kanske har du redan en klar bild av hur du vill att ditt hem ska se ut eller ocks\u00e5 letar du fortfarande efter den d\u00e4r pusselbiten som f\u00e5r allt att falla p\u00e5 plats. I senaste utg\u00e5van av magasinet utsikt har Sch\u00fcco samlat inspiration f\u00f6r alla som vill bygga smart f\u00f6r framtiden, f\u00f6r dig som \u00e4r &#8230;<\/p>\n","protected":false},"author":110,"featured_media":225,"comment_status":"open","ping_status":"open","sticky":false,"template":"","format":"standard","meta":{"_monsterinsights_skip_tracking":false,"_monsterinsights_sitenote_active":false,"_monsterinsights_sitenote_note":"","_monsterinsights_sitenote_category":0,"_links_to":"","_links_to_target":""},"categories":[1],"tags":[],"_links":{"self":[{"href":"https:\/\/hallbartbyggande.com\/schueco\/wp-json\/wp\/v2\/posts\/218"}],"collection":[{"href":"https:\/\/hallbartbyggande.com\/schueco\/wp-json\/wp\/v2\/posts"}],"about":[{"href":"https:\/\/hallbartbyggande.com\/schueco\/wp-json\/wp\/v2\/types\/post"}],"author":[{"embeddable":true,"href":"https:\/\/hallbartbyggande.com\/schueco\/wp-json\/wp\/v2\/users\/110"}],"replies":[{"embeddable":true,"href":"https:\/\/hallbartbyggande.com\/schueco\/wp-json\/wp\/v2\/comments?post=218"}],"version-history":[{"count":1,"href":"https:\/\/hallbartbyggande.com\/schueco\/wp-json\/wp\/v2\/posts\/218\/revisions"}],"predecessor-version":[{"id":226,"href":"https:\/\/hallbartbyggande.com\/schueco\/wp-json\/wp\/v2\/posts\/218\/revisions\/226"}],"wp:featuredmedia":[{"embeddable":true,"href":"https:\/\/hallbartbyggande.com\/schueco\/wp-json\/wp\/v2\/media\/225"}],"wp:attachment":[{"href":"https:\/\/hallbartbyggande.com\/schueco\/wp-json\/wp\/v2\/media?parent=218"}],"wp:term":[{"taxonomy":"category","embeddable":true,"href":"https:\/\/hallbartbyggande.com\/schueco\/wp-json\/wp\/v2\/categories?post=218"},{"taxonomy":"post_tag","embeddable":true,"href":"https:\/\/hallbartbyggande.com\/schueco\/wp-json\/wp\/v2\/tags?post=218"}],"curies":[{"name":"wp","href":"https:\/\/api.w.org\/{rel}","templated":true}]}}