										  
											  
											 {"id":165,"date":"2017-03-29T08:25:59","date_gmt":"2017-03-29T06:25:59","guid":{"rendered":"http:\/\/hallbartbyggande.com\/schueco\/?p=165"},"modified":"2017-03-29T09:27:45","modified_gmt":"2017-03-29T07:27:45","slug":"svenska-hus-72-sidor-boendedrommar-som-blivit-verklighet","status":"publish","type":"post","link":"https:\/\/hallbartbyggande.com\/schueco\/svenska-hus-72-sidor-boendedrommar-som-blivit-verklighet\/","title":{"rendered":"Svenska hus &#8211; 72 sidor boendedr\u00f6mmar som blivit verklighet"},"content":{"rendered":"<p>Sch\u00fcco inspirerar och uppmanar dig att lyssna till dina husdr\u00f6mmar. Boken Svenska hus \u00e4r en hyllning till svensk arkitektur och m\u00e4nniskor med v\u00e5gade dr\u00f6mmar.<\/p>\n<p>Sch\u00fcco menar att svensk arkitektur f\u00f6rtj\u00e4nar att lyftas och har i boken Svenska hus samlat tio villaprojekt av h\u00f6gsta klass som uppmanar l\u00e4saren att v\u00e5ga uppfylla sina boendedr\u00f6mmar. Att ta ut sv\u00e4ngarna och anlita en arkitekt f\u00f6r att kunna skapa sitt framtida hus. God arkitektur utg\u00e5r n\u00e4mligen fr\u00e5n behov. De behov du som hus\u00e4gare har och vill uppfylla.<\/p>\n<p><img decoding=\"async\" loading=\"lazy\" class=\"alignnone wp-image-181 size-medium\" src=\"http:\/\/hallbartbyggande.com\/schueco\/wp-content\/blogs.dir\/sites\/60\/2017\/03\/Schuco_BokOmslag_2017-366x515.jpg\" width=\"366\" height=\"515\" srcset=\"https:\/\/hallbartbyggande.com\/schueco\/wp-content\/blogs.dir\/sites\/60\/2017\/03\/Schuco_BokOmslag_2017-366x515.jpg 366w, https:\/\/hallbartbyggande.com\/schueco\/wp-content\/blogs.dir\/sites\/60\/2017\/03\/Schuco_BokOmslag_2017-768x1080.jpg 768w, https:\/\/hallbartbyggande.com\/schueco\/wp-content\/blogs.dir\/sites\/60\/2017\/03\/Schuco_BokOmslag_2017-728x1024.jpg 728w, https:\/\/hallbartbyggande.com\/schueco\/wp-content\/blogs.dir\/sites\/60\/2017\/03\/Schuco_BokOmslag_2017.jpg 785w\" sizes=\"(max-width: 366px) 100vw, 366px\" \/><\/p>\n<p>I Svenska hus m\u00f6ter vi bland annat den svenska sommardr\u00f6mmen villa Kymmend\u00f6. Det livliga vattnet, de vassa klipporna och de st\u00e5tliga tallarna bildar en egen v\u00e4rld a\u030at detta rymliga sommarhus, som utan att vara s\u00e4rskilt naturanpassat, \u00e4nd\u00e5 p\u00e5 ett fantastiskt s\u00e4tt sm\u00e4lter in i omgivningen. Vi f\u00e5r ocks\u00e5 bekanta oss med 180-meter neoromantik. Ett precisionsarbete i betong med tr\u00e4inslag d\u00e4r kl\u00e4tterv\u00e4xterna, som med tiden v\u00e4xer sig stora, kommer sy ihop de gr\u00e5 skalorna av betong och skapa en form av ruinromantik. Ta del av dessa och m\u00e5nga andra fantastiska husdr\u00f6mmar och l\u00e4s arkitekternas funderingar kring de olika projekten.<\/p>\n<div id=\"attachment_169\" style=\"width: 795px\" class=\"wp-caption alignnone\"><img aria-describedby=\"caption-attachment-169\" decoding=\"async\" loading=\"lazy\" class=\"wp-image-169 size-full\" src=\"http:\/\/hallbartbyggande.com\/schueco\/wp-content\/blogs.dir\/sites\/60\/2017\/03\/Villa-Kymmend\u00f6-e1490710242102.jpg\" alt=\"Villa Kymmend\u00f6\" width=\"785\" height=\"575\" \/><p id=\"caption-attachment-169\" class=\"wp-caption-text\">Villa Kymmend\u00f6. Foto: \u00c5ke E:son Lindman.<\/p><\/div>\n<p>&nbsp;<\/p>\n<div id=\"attachment_172\" style=\"width: 795px\" class=\"wp-caption alignnone\"><img aria-describedby=\"caption-attachment-172\" decoding=\"async\" loading=\"lazy\" class=\"size-full wp-image-172\" src=\"http:\/\/hallbartbyggande.com\/schueco\/wp-content\/blogs.dir\/sites\/60\/2017\/03\/Sch\u00fcco-villa-180-meter-Byggfenomen-1.jpg\" alt=\"Villa 180-meter med neoromantik. Foto: \u00c5ke E:son Lindman.\" width=\"785\" height=\"470\" srcset=\"https:\/\/hallbartbyggande.com\/schueco\/wp-content\/blogs.dir\/sites\/60\/2017\/03\/Sch\u00fcco-villa-180-meter-Byggfenomen-1.jpg 785w, https:\/\/hallbartbyggande.com\/schueco\/wp-content\/blogs.dir\/sites\/60\/2017\/03\/Sch\u00fcco-villa-180-meter-Byggfenomen-1-680x407.jpg 680w, https:\/\/hallbartbyggande.com\/schueco\/wp-content\/blogs.dir\/sites\/60\/2017\/03\/Sch\u00fcco-villa-180-meter-Byggfenomen-1-768x460.jpg 768w\" sizes=\"(max-width: 785px) 100vw, 785px\" \/><p id=\"caption-attachment-172\" class=\"wp-caption-text\">Villa 180-meter med neoromantik. Foto: \u00c5ke E:son Lindman.<\/p><\/div>\n<p>&nbsp;<\/p>\n<p>F\u00f6r mer information om Sch\u00fccos utbud:<\/p>\n<p><span style=\"color: #3366ff;\"><a style=\"color: #3366ff;\" href=\"http:\/\/www.schueco.se\">www.schueco.se<\/a><\/span><\/p>\n<p><img decoding=\"async\" loading=\"lazy\" class=\"alignleft wp-image-175 size-full\" src=\"http:\/\/hallbartbyggande.com\/schueco\/wp-content\/blogs.dir\/sites\/60\/2017\/03\/Melinda-Lemke-Schuco.jpg\" width=\"186\" height=\"199\" \/>Boken kan best\u00e4llas av<br \/>\nMelinda Lemke<br \/>\nMarknadsansvarig Sch\u00fcco Sverige<br \/>\n<a href=\"mailto:mlemke@schueco.com\">mlemke@schueco.com<\/a><br \/>\n<strong>Tel:<\/strong> 08-442\u00a076 18<\/p>\n<p>&nbsp;<\/p>\n<p>&nbsp;<\/p>\n<p>&nbsp;<\/p>\n<p>&nbsp;<\/p>\n<p>&nbsp;<\/p>\n<p><strong>Sch\u00fcco &#8211; systeml\u00f6sningar f\u00f6r f\u00f6nster, d\u00f6rrar och fasader. <\/strong><\/p>\n<p>Med sitt v\u00e4rldsomsp\u00e4nnande n\u00e4tverk av partner, arkitekter, konsulter och investerare skapar Sch\u00fcco h\u00e5llbara klimatskal som s\u00e4tter m\u00e4nniskan i centrum. F\u00f6nster-, d\u00f6rr- och fasadsystemen uppfyller de h\u00f6gsta kraven p\u00e5 design, komfort och s\u00e4kerhet. De har l\u00e5ng livsl\u00e4ngd och bidrar genom sin energieffektivitet till att minska koldioxidutsl\u00e4ppen. F\u00f6retagets aff\u00e4rsomr\u00e5den metallbyggnation och komposit erbjuder m\u00e5lgruppsspecifika produkter f\u00f6r nyproduktion och modernisering anpassade till individuella krav i de olika klimatzonerna. Alla i byggprocessen inblandade parter erbjuds omfattande service hela v\u00e4gen fr\u00e5n id\u00e9 till f\u00e4rdigst\u00e4llande. Med 4 800 medarbetare och 12 000 partnerf\u00f6retag finns Sch\u00fcco representerat i 80 l\u00e4nder och redovisade \u00e5r 2015 en oms\u00e4ttning p\u00e5 cirka 1,5 miljarder euro.<\/p>\n","protected":false},"excerpt":{"rendered":"<p>Sch\u00fcco inspirerar och uppmanar dig att lyssna till dina husdr\u00f6mmar. Boken Svenska hus \u00e4r en hyllning till svensk arkitektur och m\u00e4nniskor med v\u00e5gade dr\u00f6mmar. Sch\u00fcco menar att svensk arkitektur f\u00f6rtj\u00e4nar att lyftas och har i boken Svenska hus samlat tio villaprojekt av h\u00f6gsta klass som uppmanar l\u00e4saren att v\u00e5ga uppfylla sina boendedr\u00f6mmar. Att ta ut &#8230;<\/p>\n","protected":false},"author":110,"featured_media":169,"comment_status":"open","ping_status":"open","sticky":false,"template":"","format":"standard","meta":{"_monsterinsights_skip_tracking":false,"_monsterinsights_sitenote_active":false,"_monsterinsights_sitenote_note":"","_monsterinsights_sitenote_category":0,"_links_to":"","_links_to_target":""},"categories":[1],"tags":[],"_links":{"self":[{"href":"https:\/\/hallbartbyggande.com\/schueco\/wp-json\/wp\/v2\/posts\/165"}],"collection":[{"href":"https:\/\/hallbartbyggande.com\/schueco\/wp-json\/wp\/v2\/posts"}],"about":[{"href":"https:\/\/hallbartbyggande.com\/schueco\/wp-json\/wp\/v2\/types\/post"}],"author":[{"embeddable":true,"href":"https:\/\/hallbartbyggande.com\/schueco\/wp-json\/wp\/v2\/users\/110"}],"replies":[{"embeddable":true,"href":"https:\/\/hallbartbyggande.com\/schueco\/wp-json\/wp\/v2\/comments?post=165"}],"version-history":[{"count":10,"href":"https:\/\/hallbartbyggande.com\/schueco\/wp-json\/wp\/v2\/posts\/165\/revisions"}],"predecessor-version":[{"id":183,"href":"https:\/\/hallbartbyggande.com\/schueco\/wp-json\/wp\/v2\/posts\/165\/revisions\/183"}],"wp:featuredmedia":[{"embeddable":true,"href":"https:\/\/hallbartbyggande.com\/schueco\/wp-json\/wp\/v2\/media\/169"}],"wp:attachment":[{"href":"https:\/\/hallbartbyggande.com\/schueco\/wp-json\/wp\/v2\/media?parent=165"}],"wp:term":[{"taxonomy":"category","embeddable":true,"href":"https:\/\/hallbartbyggande.com\/schueco\/wp-json\/wp\/v2\/categories?post=165"},{"taxonomy":"post_tag","embeddable":true,"href":"https:\/\/hallbartbyggande.com\/schueco\/wp-json\/wp\/v2\/tags?post=165"}],"curies":[{"name":"wp","href":"https:\/\/api.w.org\/{rel}","templated":true}]}}