										  
											  
											 {"id":155,"date":"2017-02-09T09:31:16","date_gmt":"2017-02-09T08:31:16","guid":{"rendered":"http:\/\/hallbartbyggande.com\/schueco\/?p=155"},"modified":"2017-02-09T09:31:32","modified_gmt":"2017-02-09T08:31:32","slug":"schuco-dominerade-pa-varldens-storsta-byggmassa","status":"publish","type":"post","link":"https:\/\/hallbartbyggande.com\/schueco\/schuco-dominerade-pa-varldens-storsta-byggmassa\/","title":{"rendered":"Sch\u00fcco dominerade p\u00e5 v\u00e4rldens st\u00f6rsta byggm\u00e4ssa"},"content":{"rendered":"<p>Under mottot \u201dThe Future of Construction\u201d st\u00e4llde Sch\u00fcco International ut p\u00e5 den v\u00e4rldsledande m\u00e4ssan f\u00f6r arkitektur, material och system \u2013 BAU i M\u00fcnchen. Med en m\u00e4ssmonter p\u00e5 2 400 kvadratmeter var Sch\u00fcco den st\u00f6rsta utst\u00e4llaren. Och det var h\u00e4r, i monter 301 i hall B1, f\u00f6retaget p\u00e5 allvar kunde visa m\u00f6jligheterna med framtidens klimatskal.<\/p>\n<p>Att bygga \u00e4r mer utmanande \u00e4n n\u00e5gonsin. D\u00e4rf\u00f6r ville Sch\u00fcco visa m\u00f6jligheterna p\u00e5 BAU-m\u00e4ssan i M\u00fcnchen den 16-21 januari. Efter flera \u00e5r av intensiva f\u00f6rberedelser var det dags att presentera ett stort antal banbrytande produktnyheter inom f\u00f6nster, d\u00f6rrar och fasader p\u00e5 den v\u00e4rldsledande BAU-m\u00e4ssan i M\u00fcnchen. Nyheter som p\u00e5 ett positivt s\u00e4tt kommer att bidra till ett smart och framtidsvisande byggande.<\/p>\n<p>-Sch\u00fcco Sverige \u00e5kte till M\u00fcnchen med cirka 150 partner och arkitekter. Det var h\u00e4r, i v\u00e5r monter p\u00e5 2 400 kvadratmeter, som vi p\u00e5 riktigt kunde visa m\u00f6jligheterna med v\u00e5ra produkter och f\u00f6ra intressanta samtal som direkt kommer att p\u00e5verka den fortsatta produktutvecklingen f\u00f6r att s\u00e4kerst\u00e4lla att Sch\u00fcco lever upp till f\u00f6rv\u00e4ntningarna p\u00e5 flexibilitet, multifunktionalitet och effektivitet i framtidens klimatskal, s\u00e4ger Melinda Lemke, marknadsansvarig p\u00e5 Sch\u00fcco i Sverige.<\/p>\n<p>Med ledorden WORK, LIFE, HOME, INTELLIGENT, DIGITAL, FLEXIBLE vill Sch\u00fcco visa hur du kan f\u00e5 hj\u00e4lp att realisera just dina byggprojekt.<\/p>\n<p><a href=\"https:\/\/www.youtube.com\/watch?v=2j1PmJa2QEs\" target=\"_blank\" rel=\"nofollow\">Se filmen<\/a><\/p>\n<p><iframe loading=\"lazy\" width=\"785\" height=\"442\" src=\"https:\/\/www.youtube.com\/embed\/2j1PmJa2QEs?feature=oembed\" frameborder=\"0\" allowfullscreen><\/iframe><\/p>\n<p><img decoding=\"async\" loading=\"lazy\" class=\"alignnone size-full wp-image-156\" src=\"http:\/\/hallbartbyggande.com\/schueco\/wp-content\/blogs.dir\/sites\/60\/2017\/02\/Work.jpg\" alt=\"Work\" width=\"1000\" height=\"721\" srcset=\"https:\/\/hallbartbyggande.com\/schueco\/wp-content\/blogs.dir\/sites\/60\/2017\/02\/Work.jpg 1000w, https:\/\/hallbartbyggande.com\/schueco\/wp-content\/blogs.dir\/sites\/60\/2017\/02\/Work-680x490.jpg 680w, https:\/\/hallbartbyggande.com\/schueco\/wp-content\/blogs.dir\/sites\/60\/2017\/02\/Work-768x554.jpg 768w\" sizes=\"(max-width: 1000px) 100vw, 1000px\" \/><\/p>\n<p><strong>WORK<\/strong><br \/>\nVi arbetar i byggnader &#8211; men hur kan byggnader arbeta b\u00e4ttre f\u00f6r oss? I studion WORK presenterar vi l\u00f6sningar f\u00f6r moderna arbetsmilj\u00f6er.<\/p>\n<p><img decoding=\"async\" loading=\"lazy\" class=\"alignnone size-full wp-image-157\" src=\"http:\/\/hallbartbyggande.com\/schueco\/wp-content\/blogs.dir\/sites\/60\/2017\/02\/LIFE.jpg\" alt=\"LIFE\" width=\"1000\" height=\"341\" srcset=\"https:\/\/hallbartbyggande.com\/schueco\/wp-content\/blogs.dir\/sites\/60\/2017\/02\/LIFE.jpg 1000w, https:\/\/hallbartbyggande.com\/schueco\/wp-content\/blogs.dir\/sites\/60\/2017\/02\/LIFE-680x232.jpg 680w, https:\/\/hallbartbyggande.com\/schueco\/wp-content\/blogs.dir\/sites\/60\/2017\/02\/LIFE-768x262.jpg 768w\" sizes=\"(max-width: 1000px) 100vw, 1000px\" \/><\/p>\n<p><strong>LIFE<\/strong><br \/>\nGr\u00e4nsen mellan bostad och arbetsplats blir allt suddigare. Under LIFE visar\u00a0vi hur b\u00e5da sf\u00e4rerna kan kombineras perfekt.<\/p>\n<p><img decoding=\"async\" loading=\"lazy\" class=\"alignnone size-full wp-image-158\" src=\"http:\/\/hallbartbyggande.com\/schueco\/wp-content\/blogs.dir\/sites\/60\/2017\/02\/HOME.jpg\" alt=\"HOME\" width=\"1000\" height=\"341\" srcset=\"https:\/\/hallbartbyggande.com\/schueco\/wp-content\/blogs.dir\/sites\/60\/2017\/02\/HOME.jpg 1000w, https:\/\/hallbartbyggande.com\/schueco\/wp-content\/blogs.dir\/sites\/60\/2017\/02\/HOME-680x232.jpg 680w, https:\/\/hallbartbyggande.com\/schueco\/wp-content\/blogs.dir\/sites\/60\/2017\/02\/HOME-768x262.jpg 768w\" sizes=\"(max-width: 1000px) 100vw, 1000px\" \/><\/p>\n<p><strong>HOME<\/strong><br \/>\nHemmet \u00e4r en mycket viktig plats. I HOME kan du ta reda p\u00e5 hur du \u00f6kar komforten, bekv\u00e4mligheten och s\u00e4kerheten med designorienterade l\u00f6sningar.<\/p>\n<p><img decoding=\"async\" loading=\"lazy\" class=\"alignnone size-full wp-image-159\" src=\"http:\/\/hallbartbyggande.com\/schueco\/wp-content\/blogs.dir\/sites\/60\/2017\/02\/INTELLIGENT.jpg\" alt=\"INTELLIGENT\" width=\"1000\" height=\"341\" srcset=\"https:\/\/hallbartbyggande.com\/schueco\/wp-content\/blogs.dir\/sites\/60\/2017\/02\/INTELLIGENT.jpg 1000w, https:\/\/hallbartbyggande.com\/schueco\/wp-content\/blogs.dir\/sites\/60\/2017\/02\/INTELLIGENT-680x232.jpg 680w, https:\/\/hallbartbyggande.com\/schueco\/wp-content\/blogs.dir\/sites\/60\/2017\/02\/INTELLIGENT-768x262.jpg 768w\" sizes=\"(max-width: 1000px) 100vw, 1000px\" \/><\/p>\n<p><strong>INTELLIGENT<\/strong><br \/>\nI byggnadens fokus st\u00e5r m\u00e4nniskan. I studion INTELLIGENT visar vi hur byggnader kan bli \u00e4nnu anv\u00e4ndarv\u00e4nligare genom intelligent integrerad teknik.<\/p>\n<p><img decoding=\"async\" loading=\"lazy\" class=\"alignnone size-full wp-image-160\" src=\"http:\/\/hallbartbyggande.com\/schueco\/wp-content\/blogs.dir\/sites\/60\/2017\/02\/DIGITAL.jpg\" alt=\"DIGITAL\" width=\"1000\" height=\"345\" srcset=\"https:\/\/hallbartbyggande.com\/schueco\/wp-content\/blogs.dir\/sites\/60\/2017\/02\/DIGITAL.jpg 1000w, https:\/\/hallbartbyggande.com\/schueco\/wp-content\/blogs.dir\/sites\/60\/2017\/02\/DIGITAL-680x235.jpg 680w, https:\/\/hallbartbyggande.com\/schueco\/wp-content\/blogs.dir\/sites\/60\/2017\/02\/DIGITAL-768x265.jpg 768w\" sizes=\"(max-width: 1000px) 100vw, 1000px\" \/><\/p>\n<p><strong>DIGITAL<\/strong><br \/>\nDen digitala v\u00e4rlden \u00e4r sedan l\u00e4nge realitet \u2013 s\u00e5 \u00e4ven inom bygg. Med DIGITAL visar vi hur Sch\u00fcco hj\u00e4lper sina partner och arkitekter med digitala verktyg, tj\u00e4nster och plattformar f\u00f6r en smidig processkedja. Konsekvent integrerade processer och verktyg.<\/p>\n<p><img decoding=\"async\" loading=\"lazy\" class=\"alignnone size-full wp-image-161\" src=\"http:\/\/hallbartbyggande.com\/schueco\/wp-content\/blogs.dir\/sites\/60\/2017\/02\/FLEXIBLE.jpg\" alt=\"FLEXIBLE\" width=\"1000\" height=\"341\" srcset=\"https:\/\/hallbartbyggande.com\/schueco\/wp-content\/blogs.dir\/sites\/60\/2017\/02\/FLEXIBLE.jpg 1000w, https:\/\/hallbartbyggande.com\/schueco\/wp-content\/blogs.dir\/sites\/60\/2017\/02\/FLEXIBLE-680x232.jpg 680w, https:\/\/hallbartbyggande.com\/schueco\/wp-content\/blogs.dir\/sites\/60\/2017\/02\/FLEXIBLE-768x262.jpg 768w\" sizes=\"(max-width: 1000px) 100vw, 1000px\" \/><\/p>\n<p><strong>FLEXIBLE<\/strong><br \/>\nDe byggnader som sticker ut imponerar oftast med sin egenart. Med Facid erbjuder Sch\u00fcco \u00e4nnu ett unikt designelement. FLEXIBLA textilfasader som du formar helt fritt.<\/p>\n<p><a href=\"https:\/\/www.schueco.com\/web2\/bau2017_en\/startseite\" target=\"_blank\"><span style=\"color: #3366ff;\">Mer om BAU<\/span><\/a><\/p>\n","protected":false},"excerpt":{"rendered":"<p>Under mottot \u201dThe Future of Construction\u201d st\u00e4llde Sch\u00fcco International ut p\u00e5 den v\u00e4rldsledande m\u00e4ssan f\u00f6r arkitektur, material och system \u2013 BAU i M\u00fcnchen. Med en m\u00e4ssmonter p\u00e5 2 400 kvadratmeter var Sch\u00fcco den st\u00f6rsta utst\u00e4llaren. Och det var h\u00e4r, i monter 301 i hall B1, f\u00f6retaget p\u00e5 allvar kunde visa m\u00f6jligheterna med framtidens klimatskal. Att &#8230;<\/p>\n","protected":false},"author":110,"featured_media":120,"comment_status":"open","ping_status":"open","sticky":false,"template":"","format":"standard","meta":{"_monsterinsights_skip_tracking":false,"_monsterinsights_sitenote_active":false,"_monsterinsights_sitenote_note":"","_monsterinsights_sitenote_category":0,"_links_to":"","_links_to_target":""},"categories":[1],"tags":[],"_links":{"self":[{"href":"https:\/\/hallbartbyggande.com\/schueco\/wp-json\/wp\/v2\/posts\/155"}],"collection":[{"href":"https:\/\/hallbartbyggande.com\/schueco\/wp-json\/wp\/v2\/posts"}],"about":[{"href":"https:\/\/hallbartbyggande.com\/schueco\/wp-json\/wp\/v2\/types\/post"}],"author":[{"embeddable":true,"href":"https:\/\/hallbartbyggande.com\/schueco\/wp-json\/wp\/v2\/users\/110"}],"replies":[{"embeddable":true,"href":"https:\/\/hallbartbyggande.com\/schueco\/wp-json\/wp\/v2\/comments?post=155"}],"version-history":[{"count":1,"href":"https:\/\/hallbartbyggande.com\/schueco\/wp-json\/wp\/v2\/posts\/155\/revisions"}],"predecessor-version":[{"id":162,"href":"https:\/\/hallbartbyggande.com\/schueco\/wp-json\/wp\/v2\/posts\/155\/revisions\/162"}],"wp:featuredmedia":[{"embeddable":true,"href":"https:\/\/hallbartbyggande.com\/schueco\/wp-json\/wp\/v2\/media\/120"}],"wp:attachment":[{"href":"https:\/\/hallbartbyggande.com\/schueco\/wp-json\/wp\/v2\/media?parent=155"}],"wp:term":[{"taxonomy":"category","embeddable":true,"href":"https:\/\/hallbartbyggande.com\/schueco\/wp-json\/wp\/v2\/categories?post=155"},{"taxonomy":"post_tag","embeddable":true,"href":"https:\/\/hallbartbyggande.com\/schueco\/wp-json\/wp\/v2\/tags?post=155"}],"curies":[{"name":"wp","href":"https:\/\/api.w.org\/{rel}","templated":true}]}}