										  
											  
											 {"id":401,"date":"2020-07-10T14:41:28","date_gmt":"2020-07-10T12:41:28","guid":{"rendered":"https:\/\/hallbartbyggande.com\/schneiderelectric\/?p=401"},"modified":"2020-07-10T14:41:28","modified_gmt":"2020-07-10T12:41:28","slug":"schneider-electric-uppmarksammat-som-ett-av-varldens-mest-hallbara-foretag-i-davos-2","status":"publish","type":"post","link":"https:\/\/hallbartbyggande.com\/schneiderelectric\/schneider-electric-uppmarksammat-som-ett-av-varldens-mest-hallbara-foretag-i-davos-2\/","title":{"rendered":"Schneider Electric uppm\u00e4rksammat som ett av v\u00e4rldens mest h\u00e5llbara f\u00f6retag i Davos"},"content":{"rendered":"<p><span style=\"color: #626469\">Schneider Electric har \u00e5terigen tilldelats betydelsefulla rankningar f\u00f6r sitt engagemang kring h\u00e5llbarhet. F\u00f6retaget \u00e4r rankad som ett av v\u00e4rldens mest h\u00e5llbara f\u00f6retag av b\u00e5de Corporate Knights och Carbon Disclosure Project (CDP).\u00a0<strong>Rankningarna tillk\u00e4nnagavs vid \u00f6ppningen av det \u00e5rliga World Economic Forum i Davos, d\u00e4r h\u00e5llbarhet \u00e4r en fr\u00e5ga i fokus.<\/strong><\/span><\/p>\n<p><strong>Solna, 23 januari 2020 \u2013 <\/strong>Schneider Electric rankades f\u00f6r sjunde \u00e5ret i rad bland de \u201dGlobal 100\u201d mest h\u00e5llbara f\u00f6retagen av <a href=\"https:\/\/www.corporateknights.com\/reports\/2020-global-100\/\" target=\"_top\" rel=\"nofollow noopener noreferrer\">Corporate Knights<\/a> d\u00e4r de hamnade p\u00e5 plats 29 totalt och p\u00e5 f\u00f6rstaplats i sin kategori. Mer \u00e4n 7 500 f\u00f6retag utv\u00e4rderades f\u00f6r att f\u00e5 fram den slutgiltiga listan p\u00e5 100 f\u00f6retag i v\u00e4rlden. F\u00f6retaget finns \u00e4ven med i toppranking p\u00e5 <a href=\"https:\/\/www.cdp.net\/en\/scores\" target=\"_top\" rel=\"nofollow noopener noreferrer\">CDP \u201dA-List\u201d<\/a> \u2013 bland endast 179 andra f\u00f6retag \u2013 f\u00f6r nionde \u00e5ret i rad.<\/p>\n<p>\u2013 Hos Schneider Electric \u00e4r v\u00e5rt engagemang f\u00f6r koldioxidneutralitet en central del av f\u00f6retaget och genomsyrar alla v\u00e5ra beslut. Men vi m\u00e5ste alla g\u00f6ra mer och agera snabbare. Uppm\u00e4rksammandet av v\u00e5ra anstr\u00e4ngningar av b\u00e5de CDP och Corporate Knights \u00e4r ett positivt steg i r\u00e4tt riktning och ger oss en boost, s\u00e4ger Jean Pascal Tricoire, vd och ordf\u00f6rande f\u00f6r Schneider Electric globalt.<\/p>\n<p>Schneider Electric uppm\u00e4rksammas bland annat f\u00f6r f\u00f6retagets resurshantering, personalhantering, ekonomisk f\u00f6rvaltning och prestationer fr\u00e5n sina leverant\u00f6rer. F\u00f6retaget f\u00e5r \u00e4ven erk\u00e4nnande f\u00f6r sina \u00e5tg\u00e4rder att minska utsl\u00e4pp och klimatrisker, samt bidragandet till utvecklingen av en koldioxidsn\u00e5l ekonomi.<\/p>\n<p>\u2013 Klimatkrisen och dess relaterade ekonomiska risker \u00e4r denna generations st\u00f6rsta utmaning. Vi m\u00e5ste t\u00e4nka om kring hur vi lever med energi, hur vi designar byggnader, industrier och st\u00e4der och utnyttjar teknik f\u00f6r att n\u00e5 netto noll klimatavtryck. Dessa fr\u00e5gor \u00e4r viktiga och borde ligga h\u00f6gst p\u00e5 dagordningen f\u00f6r \u00e5rets World Economic Forum, s\u00e4ger Jean Pascal Tricoire.<\/p>\n<p><strong>Schneider Electric \u00f6vertr\u00e4ffar sina egna h\u00e5llbarhetsm\u00e5l<\/strong><br \/>\nEngagemanget kring h\u00e5llbarhet m\u00e4ts p\u00e5 Schneider Electric genom <a href=\"https:\/\/www.se.com\/ww\/en\/about-us\/sustainability\/\" target=\"_top\" rel=\"nofollow noopener noreferrer\">Schneider Sustainability Impact (SSI)<\/a>. SSI, vilket publiceras varje kvartal och som v\u00e4rderar f\u00f6retagets framsteg mot h\u00e5llbarhets\u00e5taganden genom 21 viktiga indikatorer kring klimat, cirkul\u00e4r ekonomi, h\u00e4lsa och j\u00e4mlikhet, etik och utveckling.<\/p>\n<p><strong>N\u00e5gra av Schneider Sustainability Impact (SSI)-resultat under Q3 2019:<\/strong><\/p>\n<ul>\n<li>Hj\u00e4lpte sina kunder spara 88 miljoner ton CO<sub><span style=\"font-size: xx-small\">2<\/span><\/sub><\/li>\n<li>CO<sub><span style=\"font-size: xx-small\">2<\/span><\/sub> effektiviteten f\u00f6r transporter f\u00f6rb\u00e4ttrades med 8,8%<\/li>\n<li>45% f\u00f6rnybar elf\u00f6rbrukning \u00f6ver hela v\u00e4rlden<\/li>\n<li>F\u00f6rbrukning av \u00f6ver 77 000 ton prim\u00e4ra resurser kunde undvikas genom cirkul\u00e4ra<br \/>\nerbjudanden<\/li>\n<\/ul>\n<p><strong>Initiativ f\u00f6r att driva p\u00e5 h\u00e5llbarhetsarbetet <\/strong><br \/>\nI augusti 2019 gick f\u00f6retaget med i OECD\u2019s <a href=\"https:\/\/www.oecd.org\/inclusive-growth\/businessforinclusivegrowth\/\" target=\"_top\" rel=\"nofollow noopener noreferrer\">Business for Inclusive Growth (B4IG)<\/a> som \u00e4r ett samarbete mellan 34 multinationella f\u00f6retag med m\u00e5let att fr\u00e4mja m\u00e4nskliga r\u00e4ttigheter, bygga inkluderande arbetsytor och st\u00e4rka integrationen i deras aff\u00e4rsekosystem. Genom B4IG kommer Schneider Electric att expandera initiativet <em>Social Innovation to Tackle Energy Poverty<\/em> som f\u00f6r n\u00e4rvarande st\u00f6djer 42 projekt och direkt gynnar mer \u00e4n 40 000 m\u00e4nniskor.<\/p>\n<p>I samband med Climate Week NYC i september meddelade Schneider Electric att deras 2030-m\u00e5l, att uppn\u00e5 koldioxidneutralitet i sitt eget ekosystem, p\u00e5skyndas med fem \u00e5r och ska vara uppn\u00e5tt redan till 2025 f\u00f6r att netto-noll klimatavtryck ska uppn\u00e5s till \u00e5r 2030. \u00c4ven i samarbetet med alla leverant\u00f6rer str\u00e4var Schneider Electric efter att uppn\u00e5 en koldioxidneutral leveranskedja till 2050. Dessa \u00e5taganden bekr\u00e4ftades p\u00e5 nytt vid Madrid COP25 i december.<\/p>\n<p>F\u00f6retaget har tagit sig an \u00e5tagandet genom att skapa ekonomiska incitament f\u00f6r mer \u00e4n 50 000 anst\u00e4llda och n\u00e4stan 3 000 ledande befattningshavare f\u00f6r att uppn\u00e5 h\u00e5llbarhetsm\u00e5len, vilket s\u00e4kerst\u00e4ller att gruppens ambitioner \u2013 och bel\u00f6ningar \u2013 delas \u00f6ver hela f\u00f6retaget.<\/p>\n<p>L\u00e4s mer om h\u00e5llbarhetsarbetet p\u00e5 Schneider Electric:<a href=\"https:\/\/www.se.com\/se\/sv\/about-us\/sustainability\/\" target=\"_top\" rel=\"nofollow noopener noreferrer\">https:\/\/www.se.com\/se\/sv\/about-us\/sustainability\/<\/a><\/p>\n<div class=\"boilerplate\">\n<p><strong>Om Schneider Electric:<br \/>\n<\/strong>Vi p\u00e5 Schneider Electric ser tillg\u00e5ng till energi och digital utveckling som en grundl\u00e4ggande m\u00e4nsklig r\u00e4ttighet. Schneider Electric uppmuntrar alla att anv\u00e4nda energi och resurser p\u00e5 optimalt s\u00e4tt, och s\u00e4kerst\u00e4lla att \u201cLife is On\u201d \u00f6verallt och f\u00f6r alla.\u00a0Vi erbjuder digitala l\u00f6sningar f\u00f6r energihantering och automation, och skapar genom detta m\u00f6jligheter f\u00f6r \u00f6kad effektivisering och st\u00f6rre h\u00e5llbarhet. Vi kombinerar v\u00e4rldsledande energiteknologi, realtidsautomation, mjukvaror och tj\u00e4nster i integrerade l\u00f6sningar f\u00f6r hem, fastigheter, datacenter, infrastruktur och industrier.\u00a0V\u00e5r vision \u00e4r att g\u00f6ra verklighet av de o\u00e4ndliga m\u00f6jligheterna som finns i ett \u00f6ppet, globalt och innovativt samh\u00e4lle och som ligger i linje med v\u00e5rt syfte och inkluderande v\u00e4rderingar<strong>. <\/strong><a href=\"https:\/\/eur02.safelinks.protection.outlook.com\/?url=http%3A%2F%2Fwww.se.com%2Fse&amp;data=02%7C01%7Cmalin.brant-lundin%40se.com%7C1c74ec279eb849440d3108d7384b4c53%7C6e51e1adc54b4b39b5980ffe9ae68fef%7C0%7C0%7C637039768359343381&amp;sdata=amYsTYecNxQPNECS0Tx9bu%2BIWdmJGhYMNxb9ZoVIEP4%3D&amp;reserved=0\" target=\"_top\" rel=\"nofollow noopener noreferrer\">www.se.com\/se<\/a>.<\/p>\n<\/div>\n","protected":false},"excerpt":{"rendered":"<p>Schneider Electric har \u00e5terigen tilldelats betydelsefulla rankningar f\u00f6r sitt engagemang kring h\u00e5llbarhet. F\u00f6retaget \u00e4r rankad som ett av v\u00e4rldens mest h\u00e5llbara f\u00f6retag av b\u00e5de Corporate Knights och Carbon Disclosure Project (CDP).\u00a0Rankningarna tillk\u00e4nnagavs vid \u00f6ppningen av det \u00e5rliga World Economic Forum i Davos, d\u00e4r h\u00e5llbarhet \u00e4r en fr\u00e5ga i fokus. Solna, 23 januari 2020 \u2013 Schneider &#8230;<\/p>\n","protected":false},"author":115,"featured_media":402,"comment_status":"open","ping_status":"open","sticky":false,"template":"","format":"standard","meta":{"_monsterinsights_skip_tracking":false,"_monsterinsights_sitenote_active":false,"_monsterinsights_sitenote_note":"","_monsterinsights_sitenote_category":0,"_links_to":"","_links_to_target":""},"categories":[1],"tags":[20,38],"_links":{"self":[{"href":"https:\/\/hallbartbyggande.com\/schneiderelectric\/wp-json\/wp\/v2\/posts\/401"}],"collection":[{"href":"https:\/\/hallbartbyggande.com\/schneiderelectric\/wp-json\/wp\/v2\/posts"}],"about":[{"href":"https:\/\/hallbartbyggande.com\/schneiderelectric\/wp-json\/wp\/v2\/types\/post"}],"author":[{"embeddable":true,"href":"https:\/\/hallbartbyggande.com\/schneiderelectric\/wp-json\/wp\/v2\/users\/115"}],"replies":[{"embeddable":true,"href":"https:\/\/hallbartbyggande.com\/schneiderelectric\/wp-json\/wp\/v2\/comments?post=401"}],"version-history":[{"count":2,"href":"https:\/\/hallbartbyggande.com\/schneiderelectric\/wp-json\/wp\/v2\/posts\/401\/revisions"}],"predecessor-version":[{"id":404,"href":"https:\/\/hallbartbyggande.com\/schneiderelectric\/wp-json\/wp\/v2\/posts\/401\/revisions\/404"}],"wp:featuredmedia":[{"embeddable":true,"href":"https:\/\/hallbartbyggande.com\/schneiderelectric\/wp-json\/wp\/v2\/media\/402"}],"wp:attachment":[{"href":"https:\/\/hallbartbyggande.com\/schneiderelectric\/wp-json\/wp\/v2\/media?parent=401"}],"wp:term":[{"taxonomy":"category","embeddable":true,"href":"https:\/\/hallbartbyggande.com\/schneiderelectric\/wp-json\/wp\/v2\/categories?post=401"},{"taxonomy":"post_tag","embeddable":true,"href":"https:\/\/hallbartbyggande.com\/schneiderelectric\/wp-json\/wp\/v2\/tags?post=401"}],"curies":[{"name":"wp","href":"https:\/\/api.w.org\/{rel}","templated":true}]}}