										  
											  
											 {"id":138,"date":"2017-05-17T13:04:14","date_gmt":"2017-05-17T11:04:14","guid":{"rendered":"http:\/\/hallbartbyggande.com\/schneiderelectric\/?p=138"},"modified":"2017-05-23T13:05:56","modified_gmt":"2017-05-23T11:05:56","slug":"schneider-electric-tillsatter-ny-chef-for-affarsomradet-energy","status":"publish","type":"post","link":"https:\/\/hallbartbyggande.com\/schneiderelectric\/schneider-electric-tillsatter-ny-chef-for-affarsomradet-energy\/","title":{"rendered":"Schneider Electric tills\u00e4tter ny chef f\u00f6r aff\u00e4rsomr\u00e5det Energy"},"content":{"rendered":"<p>Den 25 maj tilltr\u00e4der Magnus Sahlin som ny aff\u00e4rsomr\u00e5deschef f\u00f6r Energy i Norden och Baltikum p\u00e5 Schneider Electric. Magnus kommer n\u00e4rmast fr\u00e5n en tj\u00e4nst p\u00e5 E-ON som ansvarig f\u00f6r s\u00e4ljledning av energil\u00f6sningar mot B2B i Europa och flyttar efter tre \u00e5r i Tyskland nu tillbaka till Sverige.<\/p>\n<p>Schneider Electric v\u00e4lkomnar Magnus Sahlin som tilltr\u00e4der rollen som aff\u00e4rsomr\u00e5deschef f\u00f6r Energy i Norden och Baltikum den 25 maj. Aff\u00e4rsomr\u00e5det Energy arbetar med effektiv eldistribution, utveckling av produkter och l\u00f6sningar f\u00f6r mellansp\u00e4nning med st\u00e4llverk, rel\u00e4skydd och l\u00f6sningar f\u00f6r smarta eln\u00e4t.<\/p>\n<p>\u2013Schneider Electric \u00e4r ett sp\u00e4nnande f\u00f6retag, som har en stark global plattform och tydliga ambitioner att genom smarta energil\u00f6sningar bli ledande i kampen mot klimatf\u00f6r\u00e4ndringar. Jag ser dem som en mycket attraktiv partner, leverant\u00f6r och arbetsgivare. Jag har under st\u00f6rre delen av min karri\u00e4r arbetat integrerat med att f\u00f6rb\u00e4ttra s\u00e5v\u00e4l milj\u00f6n som kundernas ekonomi. Jag ser verkligen fram emot att forts\u00e4tta den resan med Schneider Electric, s\u00e4ger Magnus Sahlin.<\/p>\n<p>Magnus har tillbringat de senaste tre \u00e5ren i Essen, Tyskland, d\u00e4r han bland annat har arbetat med att p\u00e5 europeisk niv\u00e5 bygga upp och utveckla E.ON:s s\u00e4ljverksamhet inom &#8220;energy solutions&#8221; mot B2B. I samband med anst\u00e4llningen flyttar Magnus hem till Sverige och kommer att vara baserad p\u00e5 Schneider Electrics nya innovationscenter i Lund,<\/p>\n<p>\u2013 Att skapa l\u00e5ngsiktiga och h\u00e5llbara aff\u00e4rer f\u00f6r alla parter och i alla aspekter, samt att utveckla b\u00e5de m\u00e4nniskor och organisationer triggar mig verkligen. Det kan l\u00e5ta klyschigt men det \u00e4r otroligt viktigt att b\u00e5de bygga och underh\u00e5lla en positiv framg\u00e5ngskultur, s\u00e4ger Magnus Sahlin.<\/p>\n<p>\u2013 Det k\u00e4nns mycket bra att f\u00e5 v\u00e4lkomna Magnus ombord. Hans starka ledarskap och hans \u00f6ver 20 \u00e5rs erfarenhet fr\u00e5n energibranschen g\u00f6r honom till ett mycket starkt tillskott f\u00f6r Schneider Electric, s\u00e4ger Thomas Tr\u00e4ger, VD f\u00f6r Schneider Electric i Sverige.<\/p>\n","protected":false},"excerpt":{"rendered":"<p>Den 25 maj tilltr\u00e4der Magnus Sahlin som ny aff\u00e4rsomr\u00e5deschef f\u00f6r Energy i Norden och Baltikum p\u00e5 Schneider Electric. Magnus kommer n\u00e4rmast fr\u00e5n en tj\u00e4nst p\u00e5 E-ON som ansvarig f\u00f6r s\u00e4ljledning av energil\u00f6sningar mot B2B i Europa och flyttar efter tre \u00e5r i Tyskland nu tillbaka till Sverige. Schneider Electric v\u00e4lkomnar Magnus Sahlin som tilltr\u00e4der rollen &#8230;<\/p>\n","protected":false},"author":115,"featured_media":139,"comment_status":"open","ping_status":"open","sticky":false,"template":"","format":"standard","meta":{"_monsterinsights_skip_tracking":false,"_monsterinsights_sitenote_active":false,"_monsterinsights_sitenote_note":"","_monsterinsights_sitenote_category":0,"_links_to":"","_links_to_target":""},"categories":[1],"tags":[],"_links":{"self":[{"href":"https:\/\/hallbartbyggande.com\/schneiderelectric\/wp-json\/wp\/v2\/posts\/138"}],"collection":[{"href":"https:\/\/hallbartbyggande.com\/schneiderelectric\/wp-json\/wp\/v2\/posts"}],"about":[{"href":"https:\/\/hallbartbyggande.com\/schneiderelectric\/wp-json\/wp\/v2\/types\/post"}],"author":[{"embeddable":true,"href":"https:\/\/hallbartbyggande.com\/schneiderelectric\/wp-json\/wp\/v2\/users\/115"}],"replies":[{"embeddable":true,"href":"https:\/\/hallbartbyggande.com\/schneiderelectric\/wp-json\/wp\/v2\/comments?post=138"}],"version-history":[{"count":1,"href":"https:\/\/hallbartbyggande.com\/schneiderelectric\/wp-json\/wp\/v2\/posts\/138\/revisions"}],"predecessor-version":[{"id":140,"href":"https:\/\/hallbartbyggande.com\/schneiderelectric\/wp-json\/wp\/v2\/posts\/138\/revisions\/140"}],"wp:featuredmedia":[{"embeddable":true,"href":"https:\/\/hallbartbyggande.com\/schneiderelectric\/wp-json\/wp\/v2\/media\/139"}],"wp:attachment":[{"href":"https:\/\/hallbartbyggande.com\/schneiderelectric\/wp-json\/wp\/v2\/media?parent=138"}],"wp:term":[{"taxonomy":"category","embeddable":true,"href":"https:\/\/hallbartbyggande.com\/schneiderelectric\/wp-json\/wp\/v2\/categories?post=138"},{"taxonomy":"post_tag","embeddable":true,"href":"https:\/\/hallbartbyggande.com\/schneiderelectric\/wp-json\/wp\/v2\/tags?post=138"}],"curies":[{"name":"wp","href":"https:\/\/api.w.org\/{rel}","templated":true}]}}