										  
											  
											 {"id":264,"date":"2020-03-09T11:45:29","date_gmt":"2020-03-09T11:45:29","guid":{"rendered":"https:\/\/hallbartbyggande.com\/martinsons\/?p=264"},"modified":"2021-05-06T11:47:24","modified_gmt":"2021-05-06T11:47:24","slug":"martinsons-redo-for-nasta-steg-oppnar-upp-for-en-ny-huvudagare","status":"publish","type":"post","link":"https:\/\/hallbartbyggande.com\/martinsons\/martinsons-redo-for-nasta-steg-oppnar-upp-for-en-ny-huvudagare\/","title":{"rendered":"Martinsons redo f\u00f6r n\u00e4sta steg \u2013 \u00f6ppnar upp f\u00f6r en ny huvud\u00e4gare"},"content":{"rendered":"<p><strong>Martinsons \u00f6ppnar f\u00f6r en ny huvud\u00e4gare till koncernen. Beslutet har tagits av en enig \u00e4gargrupp.<\/strong><\/p>\n<p><strong>\u2013 Vi har f\u00f6rm\u00e5nen att g\u00f6ra det h\u00e4r v\u00e4gvalet i ett l\u00e4ge d\u00e4r koncernen st\u00e5r p\u00e5 flera starka ben. V\u00e5r verksamhet och kunskaperna hos v\u00e5ra medarbetare \u00e4r en drivkraft i utvecklingen av hela v\u00e5r bransch. Det \u00e4r vi stolta \u00f6ver och vi \u00e4r \u00f6vertygade om att detta \u00e4r l\u00e5ngsiktigt b\u00e4st f\u00f6r v\u00e5ra verksamheter i Bygdsiljum, Kroksj\u00f6n och Ume\u00e5, s\u00e4ger koncernchefen Lars Martinson.<\/strong><\/p>\n<p>Tr\u00e4koncernen Martinsons omsatte under verksamhets\u00e5ret 2019 cirka 1,9 miljarder kronor och Martinsons har m\u00e5let att p\u00e5 sikt n\u00e5 en \u00e5rsproduktion p\u00e5 580\u00a0000 kubikmeter p\u00e5 anl\u00e4ggningarna i Bygdsiljum och Kroksj\u00f6n. Detta efter omfattande investeringar de senaste \u00e5ren, bland annat i en ny fabrik f\u00f6r produktion av KL-tr\u00e4, en ny huvudpanna, torkkapacitet och flera andra anl\u00e4ggningar.<\/p>\n<p>\u2013 Vi \u00e4r mycket v\u00e4linvesterade. F\u00f6rb\u00e4ttringsarbetet som v\u00e5ra medarbetare driver inom ramen f\u00f6r v\u00e5rt kvalitetssystem har ocks\u00e5 bidragit till att vi i dag befinner oss i absolut framkant fr\u00e5n skog, till s\u00e5gverk, f\u00f6rs\u00e4ljning och byggplats, s\u00e4ger Lars.<\/p>\n<p>F\u00f6retaget har \u00e4ven mer \u00e4n 20 \u00e5rs praktisk erfarenhet inom det nya industriella tr\u00e4byggandet. En rad offensiva beslut f\u00f6r att utveckla kunskaper och erbjudanden samt strategiska investeringar har lett fram till en ledande position inom byggsystem i KL-tr\u00e4 och limtr\u00e4.<\/p>\n<p>\u2013 Vi har bara under det senaste \u00e5ret blivit valda som leverant\u00f6r till flera av Sveriges mest prestigefulla byggprojekt. Det handlar bland annat om Sveriges tre st\u00f6rsta kontorshus i tr\u00e4 i samarbeten med akt\u00f6rer med h\u00f6gsta m\u00f6jliga kravbild. Vi har tagit oss fram till en marknadsledande position inom flera omr\u00e5den och den vi vill forts\u00e4tta utveckla, s\u00e4ger Lars Martinson.<\/p>\n<p>Arbetet f\u00f6r att hitta en ny huvud\u00e4gare genomf\u00f6rs i samarbete med Grant Thornton.<\/p>\n<p>\u2013 Martinsons har en mycket stark och v\u00e4ldigt intressant marknadsposition. F\u00f6r Martinsons \u00e4gargrupp \u00e4r det viktigt att hitta en huvud\u00e4gare med r\u00e4tt profil och som kan ta till vara p\u00e5 den fina potential som vi ser i verksamheten, s\u00e4ger Mats \u00d6berg, Partner p\u00e5 Grant Thornton.<\/p>\n<p>Martinsons \u00e4gs i dag av \u00e5tta del\u00e4gare i den fj\u00e4rde generationen av familjen Martinson.<\/p>\n","protected":false},"excerpt":{"rendered":"<p>Martinsons \u00f6ppnar f\u00f6r en ny huvud\u00e4gare till koncernen. Beslutet har tagits av en enig \u00e4gargrupp. \u2013 Vi har f\u00f6rm\u00e5nen att g\u00f6ra det h\u00e4r v\u00e4gvalet i ett l\u00e4ge d\u00e4r koncernen st\u00e5r p\u00e5 flera starka ben. V\u00e5r verksamhet och kunskaperna hos v\u00e5ra medarbetare \u00e4r en drivkraft i utvecklingen av hela v\u00e5r bransch. Det \u00e4r vi stolta \u00f6ver &#8230;<\/p>\n","protected":false},"author":70,"featured_media":265,"comment_status":"open","ping_status":"open","sticky":false,"template":"","format":"standard","meta":{"_monsterinsights_skip_tracking":false,"_monsterinsights_sitenote_active":false,"_monsterinsights_sitenote_note":"","_monsterinsights_sitenote_category":0,"_links_to":"","_links_to_target":""},"categories":[1],"tags":[],"_links":{"self":[{"href":"https:\/\/hallbartbyggande.com\/martinsons\/wp-json\/wp\/v2\/posts\/264"}],"collection":[{"href":"https:\/\/hallbartbyggande.com\/martinsons\/wp-json\/wp\/v2\/posts"}],"about":[{"href":"https:\/\/hallbartbyggande.com\/martinsons\/wp-json\/wp\/v2\/types\/post"}],"author":[{"embeddable":true,"href":"https:\/\/hallbartbyggande.com\/martinsons\/wp-json\/wp\/v2\/users\/70"}],"replies":[{"embeddable":true,"href":"https:\/\/hallbartbyggande.com\/martinsons\/wp-json\/wp\/v2\/comments?post=264"}],"version-history":[{"count":1,"href":"https:\/\/hallbartbyggande.com\/martinsons\/wp-json\/wp\/v2\/posts\/264\/revisions"}],"predecessor-version":[{"id":266,"href":"https:\/\/hallbartbyggande.com\/martinsons\/wp-json\/wp\/v2\/posts\/264\/revisions\/266"}],"wp:featuredmedia":[{"embeddable":true,"href":"https:\/\/hallbartbyggande.com\/martinsons\/wp-json\/wp\/v2\/media\/265"}],"wp:attachment":[{"href":"https:\/\/hallbartbyggande.com\/martinsons\/wp-json\/wp\/v2\/media?parent=264"}],"wp:term":[{"taxonomy":"category","embeddable":true,"href":"https:\/\/hallbartbyggande.com\/martinsons\/wp-json\/wp\/v2\/categories?post=264"},{"taxonomy":"post_tag","embeddable":true,"href":"https:\/\/hallbartbyggande.com\/martinsons\/wp-json\/wp\/v2\/tags?post=264"}],"curies":[{"name":"wp","href":"https:\/\/api.w.org\/{rel}","templated":true}]}}