										  
											  
											 {"id":146,"date":"2018-03-23T12:40:58","date_gmt":"2018-03-23T12:40:58","guid":{"rendered":"https:\/\/hallbartbyggande.com\/martinsons\/?p=146"},"modified":"2018-08-28T12:42:41","modified_gmt":"2018-08-28T12:42:41","slug":"kl-tra-fran-martinsons-i-tv-studio","status":"publish","type":"post","link":"https:\/\/hallbartbyggande.com\/martinsons\/kl-tra-fran-martinsons-i-tv-studio\/","title":{"rendered":"KL-tr\u00e4 fr\u00e5n Martinsons i tv-studio"},"content":{"rendered":"<p><strong>Just nu riktar sportintresserade svenskar blickarna mot Skellefte\u00e5 och SM-veckan som p\u00e5g\u00e5r f\u00f6r fullt. Navet f\u00f6r TV-s\u00e4ndningarna \u00e4r den stuga i KL-tr\u00e4 fr\u00e5n Martinsons som specialbyggts f\u00f6r \u00e4ndam\u00e5let.<br \/>\n\u2013\u00a0<\/strong><strong>Skellefte\u00e5 \u00e4r en tr\u00e4stad och det ska m\u00e4rkas. Jag ser stugan som en symbol f\u00f6r det, s\u00e4ger Daniel Wilded, produktchef p\u00e5 Martinsons.<\/strong><\/p>\n<p>Under SM-veckan \u00e4r den 40 m<sup>2\u00a0<\/sup>stora stugan, vars stomme \u00e4r av KL-tr\u00e4, placerad vid Vitbergets fot med utsikt \u00f6ver hela SM-omr\u00e5det. Det \u00e4r en noga utt\u00e4nkt placering f\u00f6r att underl\u00e4tta tv-s\u00e4ndningarna som sk\u00f6ts av SVT. Ett stort panoramaf\u00f6nster ut mot skidstadion blir en levande fond under studios\u00e4ndningarna d\u00e4r programledare och g\u00e4ster diskuterar dagens h\u00f6jdpunkter.<\/p>\n<p>Det lokala n\u00e4ringslivet i Skellefte\u00e5 har p\u00e5 olika s\u00e4tt bidragit till SM-veckan. N\u00e4r den provisoriska tv-studion skulle finansieras klev en rad f\u00f6retag inom den lokala bygg- och tr\u00e4branschen fram och gjorde gemensam sak. Martinsons var en av dem.<\/p>\n<p>\u2013 Stugan i KL-tr\u00e4 \u00e4r \u00e4ven en symbol f\u00f6r den tillsammansanda som r\u00e5der i Skellefte\u00e5. Vi p\u00e5 Martinsons \u00e4r stolta och glada \u00f6ver att vi kunnat bidra med v\u00e5ra produkter och kunskap, s\u00e4ger Daniel Wilded.<\/p>\n<p>Stugan, som \u00e4r ritad av Collage Arkitekter, \u00e4r i grunden ganska enkelt med ett enda stort rum. Men eftersom den ska anv\u00e4ndas f\u00f6r s\u00e4ndningar har en del anpassningar gjorts. Bland annat lutar f\u00f6nstren tio grader f\u00f6r att undvika reflektioner.<\/p>\n<p>\u2013 Tr\u00e4 har en rad fina egenskaper. Ny forskning p\u00e5 omr\u00e5det visar att vi m\u00e5r bra av att vistas i tr\u00e4milj\u00f6er. Dessutom \u00e4r det fint och luktar gott, s\u00e4ger Daniel Wilded.<\/p>\n<p>Och n\u00e4r SM-veckan \u00e4r \u00f6ver kommer Skellefte\u00e5borna att kunna forts\u00e4tta dra nytta av tr\u00e4ets positiva egenskaper. Stugan kommer n\u00e4mligen att f\u00e5 en ny adress p\u00e5 Vitberget d\u00e4r den troligen kommer att anv\u00e4ndas som v\u00e4rmestuga.<\/p>\n<p><strong>Mer information<\/strong><\/p>\n<p>Daniel Wilded, produktchef Martinsons<br \/>\nMartinsons Tel: 070 285 55 14<br \/>\n<a href=\"mailto:daniel.wilded@martinsons.se\" rel=\"nofollow\">daniel.wilded@martinsons.se<\/a><\/p>\n","protected":false},"excerpt":{"rendered":"<p>Just nu riktar sportintresserade svenskar blickarna mot Skellefte\u00e5 och SM-veckan som p\u00e5g\u00e5r f\u00f6r fullt. Navet f\u00f6r TV-s\u00e4ndningarna \u00e4r den stuga i KL-tr\u00e4 fr\u00e5n Martinsons som specialbyggts f\u00f6r \u00e4ndam\u00e5let. \u2013\u00a0Skellefte\u00e5 \u00e4r en tr\u00e4stad och det ska m\u00e4rkas. Jag ser stugan som en symbol f\u00f6r det, s\u00e4ger Daniel Wilded, produktchef p\u00e5 Martinsons. Under SM-veckan \u00e4r den 40 &#8230;<\/p>\n","protected":false},"author":70,"featured_media":147,"comment_status":"open","ping_status":"open","sticky":false,"template":"","format":"standard","meta":{"_monsterinsights_skip_tracking":false,"_monsterinsights_sitenote_active":false,"_monsterinsights_sitenote_note":"","_monsterinsights_sitenote_category":0,"_links_to":"","_links_to_target":""},"categories":[1],"tags":[],"_links":{"self":[{"href":"https:\/\/hallbartbyggande.com\/martinsons\/wp-json\/wp\/v2\/posts\/146"}],"collection":[{"href":"https:\/\/hallbartbyggande.com\/martinsons\/wp-json\/wp\/v2\/posts"}],"about":[{"href":"https:\/\/hallbartbyggande.com\/martinsons\/wp-json\/wp\/v2\/types\/post"}],"author":[{"embeddable":true,"href":"https:\/\/hallbartbyggande.com\/martinsons\/wp-json\/wp\/v2\/users\/70"}],"replies":[{"embeddable":true,"href":"https:\/\/hallbartbyggande.com\/martinsons\/wp-json\/wp\/v2\/comments?post=146"}],"version-history":[{"count":1,"href":"https:\/\/hallbartbyggande.com\/martinsons\/wp-json\/wp\/v2\/posts\/146\/revisions"}],"predecessor-version":[{"id":148,"href":"https:\/\/hallbartbyggande.com\/martinsons\/wp-json\/wp\/v2\/posts\/146\/revisions\/148"}],"wp:featuredmedia":[{"embeddable":true,"href":"https:\/\/hallbartbyggande.com\/martinsons\/wp-json\/wp\/v2\/media\/147"}],"wp:attachment":[{"href":"https:\/\/hallbartbyggande.com\/martinsons\/wp-json\/wp\/v2\/media?parent=146"}],"wp:term":[{"taxonomy":"category","embeddable":true,"href":"https:\/\/hallbartbyggande.com\/martinsons\/wp-json\/wp\/v2\/categories?post=146"},{"taxonomy":"post_tag","embeddable":true,"href":"https:\/\/hallbartbyggande.com\/martinsons\/wp-json\/wp\/v2\/tags?post=146"}],"curies":[{"name":"wp","href":"https:\/\/api.w.org\/{rel}","templated":true}]}}