										  
											  
											 {"id":162,"date":"2018-10-08T03:51:02","date_gmt":"2018-10-08T03:51:02","guid":{"rendered":"https:\/\/hallbartbyggande.com\/hallbarhet-eller-gronmalning\/?p=162"},"modified":"2018-10-15T09:07:58","modified_gmt":"2018-10-15T09:07:58","slug":"korstag-eller-sanningssokande","status":"publish","type":"post","link":"https:\/\/hallbartbyggande.com\/hallbarhet-eller-gronmalning\/korstag-eller-sanningssokande\/","title":{"rendered":"KORST\u00c5G ELLER SANNINGSS\u00d6KANDE?"},"content":{"rendered":"<p><strong>Det var ett tag sedan nu. F\u00f6r tv\u00e5 \u00e5r sedan s\u00e5g jag fram mot att snart kunna b\u00f6rja beskriva ett antal sant h\u00e5llbara byggen, inte minst eftersom det stora byggbolaget lovat de skulle b\u00f6rja med \u00f6ppen lca-redovisning. Sedan h\u00e4nde i stort sett ingenting&#8230;\u00a0<\/strong><\/p>\n<p>Jag tillskrev ett antal byggherrar och andra beslutsfattare i nya byggprojekt som presenterades som h\u00e5llbara. Till min stora besvikelse var ingen intresserad av att presentera sina projekt n\u00e4rmare. En byggare svarade att &#8220;ni kommer bara att g\u00e5 in f\u00f6r att hitta fel&#8221;.<\/p>\n<p>N\u00e5got som dock \u00e4r positivt \u00e4r att Boverket tagit fram en v\u00e4gledning f\u00f6r lca-redovisning i byggprojekt. Det har \u00e4ven fr\u00e5n flera h\u00e5ll rests f\u00f6rslag om att s\u00e5dan skall vara obligatorisk. Det \u00e4r v\u00e4l ett rimligt krav? Syftet med alla de initiativ som tagits f\u00f6r att fr\u00e4mja h\u00e5llbart byggande \u00e4r ju naturligtvis att det som byggs \u00e4r sant h\u00e5llbart, vilket inte g\u00e5r att avg\u00f6ra utan att vi v\u00e4gt in \u00e4ven produktionens totala milj\u00f6p\u00e5verkan.\u00a0\u00a0<a href=\"https:\/\/www.boverket.se\/sv\/byggande\/hallbart-byggande-och-forvaltning\/livscykelanalys\/sahar-gors-en-lca\/\">\u00a0 <span style=\"color: #000080;\">https:\/\/www.boverket.se\/sv\/byggande\/hallbart-byggande-och-forvaltning\/livscykelanalys\/sahar-gors-en-lca\/<\/span><\/a><\/p>\n<p>Att ifr\u00e5gas\u00e4tta n\u00e5got som n\u00e5gon p\u00e5 l\u00f6sa grunder sj\u00e4lv utn\u00e4mnt till h\u00e5llbart \u00e4r dessv\u00e4rre f\u00f6renat med stora risker! Jag har s\u00e5lunda kallats f\u00f6r fossilkramare, k\u00e4rnkraftsv\u00e4n, bak\u00e5tstr\u00e4vare och diverse annat som inte l\u00e4mpar sig att h\u00e4r \u00e5terge.<\/p>\n<p>I g\u00e5r kom dock ett nytt epitet! Jag \u00e4r uppenbarligen en korst\u00e5gsriddare! Detta eftersom jag i en kommentar till lovorden kring ett nytt &#8220;h\u00e5llbart&#8221; bygge dristade mig till att p\u00e5peka att liknande byggen ofta inte h\u00e5ller streck i en livscykelanalys, varf\u00f6r jag min vara trogen efterlyste en s\u00e5dan.<\/p>\n<div id=\"attachment_163\" style=\"width: 443px\" class=\"wp-caption alignright\"><img aria-describedby=\"caption-attachment-163\" decoding=\"async\" loading=\"lazy\" class=\"wp-image-163\" src=\"https:\/\/hallbartbyggande.com\/hallbarhet-eller-gronmalning\/wp-content\/blogs.dir\/sites\/66\/2018\/10\/Milj\u00f6v\u00e4nligt-hem.jpg\" alt=\"\" width=\"433\" height=\"112\" \/><p id=\"caption-attachment-163\" class=\"wp-caption-text\">Folk tror det \u00e4r h\u00e5llbart att alla \u00e4r sina egna energileverant\u00f6rer<\/p><\/div>\n<p>En av kommentatorerna st\u00e4llde mig fr\u00e5gan varf\u00f6r inte detta hus skulle kunna vara h\u00e5llbart. Jag svarade att det dels var oerh\u00f6rt materialintensivt, dels att m\u00e5nga f\u00f6rnybara kraftslag, s\u00e4rskilt d\u00e5 solel, har st\u00f6rre klimatp\u00e5verkan \u00e4n den el de ers\u00e4tter.<\/p>\n<p>\u00c4ven detta bygge hade solceller p\u00e5 taket. Detta triggade tydligen n\u00e5gon nyhetsbevakning hos lobby- och branschorganisationen Svensk Solenergi, vars talesperson svarade &#8220;Rafel verkar tyv\u00e4rr ha gjort det till sitt korst\u00e5g att klistra p\u00e5 solel f\u00f6r h\u00f6ga klimatavtryck&#8221;.<\/p>\n<p>Jag kan f\u00f6rs\u00e4kra att jag inte lider av n\u00e5gon religi\u00f6s ferv\u00f6r av n\u00e5got slag! Jag vill bara ha fram fakta! Det m\u00e4rkliga i sammanhanget \u00e4r att de som anklagar mig som regel \u00e4r de som ofta \u00e4r djupt troende, som regel dock utan att kunna redovisa varf\u00f6r.<\/p>\n<p>Att f\u00f6rnybara kraftslag definitivt inte \u00e4r fria fr\u00e5n milj\u00f6p\u00e5verkan \u00e4r ju n\u00e5got som inte minst fr\u00e5n politiskt h\u00e5ll g\u00e4rna f\u00f6rtigs. Vi hade en sympatisk och kunnig Generaldirekt\u00f6r f\u00f6r Energimyndigheten som f\u00f6r n\u00e5got \u00e5r sedan dristade sig att p\u00e5peka detta oomtvistliga faktum. Tre m\u00e5nader efter att regeringen f\u00f6rl\u00e4ngt hans f\u00f6rordnande med tre \u00e5r kom \u00f6verraskande ett besked att han beviljats entledigande. Man kan ju tro det ena eller det andra, men beh\u00f6ver troligen inte vara \u00f6verdrivet konspiratoriskt lagd f\u00f6r att ana ett samband.<\/p>\n<p>Ett stort bekymmer i h\u00e5llbarhetsredovisningen av m\u00e5nga byggprojekt \u00e4r att man inte r\u00e4knar med denna milj\u00f6p\u00e5verkan. En konsultrapport, best\u00e4lld av en stor svensk stad, gav f\u00f6r handen att de skulle minska sina koldioxidutsl\u00e4pp med 62 ton per \u00e5r om de monterade solceller p\u00e5 ett antal hustak. D\u00e5 r\u00e4knade de naturligtvis inte med n\u00e5got som helst klimatavtryck fr\u00e5n tillverkningen av solcellerna. En regelr\u00e4tt lca hade gett f\u00f6r handen att en <em>\u00f6kning<\/em> med 500 ton per \u00e5r inte var osannolik!<\/p>\n<p>Talespersonen bifogade en l\u00e4nk till en inlaga som SSE producerat. Det vore mig fj\u00e4rran att avh\u00e5lla l\u00e4sarna denna.\u00a0<span style=\"color: #000080;\"><a style=\"color: #000080;\" href=\"https:\/\/www.svensksolenergi.se\/upload\/fakta-om-solenergi\/solel%20och%20klimatpaverkan%20SSE%202018.pdf\" target=\"_blank\" rel=\"noopener\">https:\/\/www.svensksolenergi.se\/upload\/fakta-om-solenergi\/solel%20och%20klimatpaverkan%20SSE%202018.pdf<\/a><\/span><\/p>\n<p>Den kritiskt granskande l\u00e4saren reagerar f\u00f6rhoppningsvis p\u00e5 dels att hela resonemanget i h\u00f6g grad bygger p\u00e5 ett antal l\u00f6sa antaganden, dels att man helt och h\u00e5llet undvikt att r\u00e4kna med hela klimatp\u00e5verkan fr\u00e5n tillverkningen.<\/p>\n<div id=\"attachment_165\" style=\"width: 425px\" class=\"wp-caption alignright\"><img aria-describedby=\"caption-attachment-165\" decoding=\"async\" loading=\"lazy\" class=\"size-full wp-image-165\" src=\"https:\/\/hallbartbyggande.com\/hallbarhet-eller-gronmalning\/wp-content\/blogs.dir\/sites\/66\/2018\/10\/LCA-SSE-sammanfattningsvis-e1538966185252.png\" alt=\"\" width=\"415\" height=\"76\" \/><p id=\"caption-attachment-165\" class=\"wp-caption-text\">Slutsats baserad p\u00e5 sju sidor l\u00f6sa antaganden<\/p><\/div>\n<p>Man uppger huvudsakligen klimatavtrycket f\u00f6r den energi som anv\u00e4nts i tillverkningen, men inte den \u00f6vriga klimatp\u00e5verkan. S\u00e5lunda \u00e4r solcellsindustrin idag den st\u00f6rsta k\u00e4llan till utsl\u00e4pp av f-gaser, varav vissa har en 24 000 g\u00e5nger s\u00e5 h\u00f6g GWP som koldioxid. Klimatp\u00e5verkan fr\u00e5n dessa utsl\u00e4pp kan s\u00e5ledes uppg\u00e5 till en m\u00e5nga g\u00e5nger h\u00f6gre klimatp\u00e5verkan \u00e4n den fr\u00e5n den anv\u00e4nda energin. Tidigare unders\u00f6kningar utf\u00f6rda av IEA ger f\u00f6r handen att den totala klimatp\u00e5verkan fr\u00e5n vissa typer i nordliga installationer kan uppg\u00e5 \u00e4nda till \u00f6ver 700 g\/kWh (se tidigare inl\u00e4gg). M\u00e5nga av de troende s\u00e4ger att tekniken blivit b\u00e4ttre eller helt frankt att siffrorna m\u00e5ste vara fel, men tyv\u00e4rr \u00e4r det nog snarare s\u00e5 att den f\u00f6rb\u00e4ttrade verkningsgraden i h\u00f6g grad kommit att kompenseras av att tillverkningen i allt h\u00f6gre utstr\u00e4ckning flyttat till l\u00e4nder med s\u00e4mre elmix. Detta \u00e4r de fakta vi har att tillg\u00e5.<\/p>\n<p>Jag s\u00e4ger inte att solceller inte kan vara en anv\u00e4ndbar komponent i ett h\u00e5llbart samh\u00e4llsbygge, men att helt okritiskt bara sl\u00e4nga in dem lite h\u00e4r och var \u00e4r inte h\u00e5llbart. F\u00f6r den som vill f\u00f6rkovra sig i nyare forskning inom omr\u00e5det och \u00e4ven vill l\u00e4ra sig lite mer om solcellers milj\u00f6p\u00e5verkan. \u00e4ven i ett systemperspektiv, rekommenderas denna l\u00e4sning. Men n\u00f6j er inte med den! Leta och l\u00e4s p\u00e5 sj\u00e4lva och kom med mothugg!<\/p>\n<p><span style=\"color: #000080;\"><a style=\"color: #000080;\" href=\"https:\/\/www.sciencedirect.com\/science\/article\/pii\/S0301421516301379\" target=\"_blank\" rel=\"noopener\">https:\/\/www.sciencedirect.com\/science\/article\/pii\/S0301421516301379<\/a>\u00a0<\/span><\/p>\n<p>Samtidigt k\u00e4nns hela debatten s\u00e5 \u00f6verfl\u00f6dig. Jag anklagades f\u00f6r att klistra p\u00e5 solel f\u00f6r h\u00f6ga klimatavtryck. Men om tillverkarna kunde avkr\u00e4vas en liten klisterlapp d\u00e4r det stod vilket inbyggt klimatavtryck produkten har vore det ju en smal sak f\u00f6r respektive k\u00f6pare att g\u00f6ra en livscykelanalys! De vet ju vilken insolation de har och vilken verkningsgrad den t\u00e4nkta placeringen ger. Fram med fakta bara, s\u00e5 kan k\u00f6parna g\u00f6ra sina egna, medvetna val. Och vi skulle inte beh\u00f6va subventionera \u00e4ven de s\u00e4msta produkterna, s\u00e5som vi g\u00f6r nu!<\/p>\n","protected":false},"excerpt":{"rendered":"<p>Det var ett tag sedan nu. F\u00f6r tv\u00e5 \u00e5r sedan s\u00e5g jag fram mot att snart kunna b\u00f6rja beskriva ett antal sant h\u00e5llbara byggen, inte minst eftersom det stora byggbolaget lovat de skulle b\u00f6rja med \u00f6ppen lca-redovisning. Sedan h\u00e4nde i stort sett ingenting&#8230;\u00a0 Jag tillskrev ett antal byggherrar och andra beslutsfattare i nya byggprojekt som &#8230;<\/p>\n","protected":false},"author":67,"featured_media":195,"comment_status":"open","ping_status":"open","sticky":false,"template":"","format":"standard","meta":{"_monsterinsights_skip_tracking":false,"_monsterinsights_sitenote_active":false,"_monsterinsights_sitenote_note":"","_monsterinsights_sitenote_category":0,"_links_to":"","_links_to_target":""},"categories":[1],"tags":[48,49,33,46,69,29,30,6,7,3,51,37,47,35,8,11,68,67],"_links":{"self":[{"href":"https:\/\/hallbartbyggande.com\/hallbarhet-eller-gronmalning\/wp-json\/wp\/v2\/posts\/162"}],"collection":[{"href":"https:\/\/hallbartbyggande.com\/hallbarhet-eller-gronmalning\/wp-json\/wp\/v2\/posts"}],"about":[{"href":"https:\/\/hallbartbyggande.com\/hallbarhet-eller-gronmalning\/wp-json\/wp\/v2\/types\/post"}],"author":[{"embeddable":true,"href":"https:\/\/hallbartbyggande.com\/hallbarhet-eller-gronmalning\/wp-json\/wp\/v2\/users\/67"}],"replies":[{"embeddable":true,"href":"https:\/\/hallbartbyggande.com\/hallbarhet-eller-gronmalning\/wp-json\/wp\/v2\/comments?post=162"}],"version-history":[{"count":30,"href":"https:\/\/hallbartbyggande.com\/hallbarhet-eller-gronmalning\/wp-json\/wp\/v2\/posts\/162\/revisions"}],"predecessor-version":[{"id":197,"href":"https:\/\/hallbartbyggande.com\/hallbarhet-eller-gronmalning\/wp-json\/wp\/v2\/posts\/162\/revisions\/197"}],"wp:featuredmedia":[{"embeddable":true,"href":"https:\/\/hallbartbyggande.com\/hallbarhet-eller-gronmalning\/wp-json\/wp\/v2\/media\/195"}],"wp:attachment":[{"href":"https:\/\/hallbartbyggande.com\/hallbarhet-eller-gronmalning\/wp-json\/wp\/v2\/media?parent=162"}],"wp:term":[{"taxonomy":"category","embeddable":true,"href":"https:\/\/hallbartbyggande.com\/hallbarhet-eller-gronmalning\/wp-json\/wp\/v2\/categories?post=162"},{"taxonomy":"post_tag","embeddable":true,"href":"https:\/\/hallbartbyggande.com\/hallbarhet-eller-gronmalning\/wp-json\/wp\/v2\/tags?post=162"}],"curies":[{"name":"wp","href":"https:\/\/api.w.org\/{rel}","templated":true}]}}