										  
											  
											 {"id":64,"date":"2016-09-26T11:45:00","date_gmt":"2016-09-26T09:45:00","guid":{"rendered":"http:\/\/hallbartbyggande.com\/feab\/?p=64"},"modified":"2016-09-26T11:45:00","modified_gmt":"2016-09-26T09:45:00","slug":"vi-laddar-om-for-nasta-massa","status":"publish","type":"post","link":"https:\/\/hallbartbyggande.com\/eniva\/vi-laddar-om-for-nasta-massa\/","title":{"rendered":"Vi laddar om f\u00f6r n\u00e4sta m\u00e4ssa"},"content":{"rendered":"<p><a href=\"http:\/\/hallbartbyggande.com\/feab\/wp-content\/blogs.dir\/sites\/75\/2016\/09\/monter_link\u00f6ping.jpg\"><img decoding=\"async\" loading=\"lazy\" class=\"alignnone size-full wp-image-65\" src=\"http:\/\/hallbartbyggande.com\/feab\/wp-content\/blogs.dir\/sites\/75\/2016\/09\/monter_link\u00f6ping.jpg\" alt=\"monter_linkoping\" width=\"580\" height=\"390\" \/><\/a><\/p>\n<p>Efter\u00a0Bom\u00e4ssan i Link\u00f6ping s\u00e5\u00a0laddar vi om f\u00f6r n\u00e4sta m\u00e4ssa &#8211;\u00a0<strong>Hem, villa &amp; bostadsr\u00e4tt, 6-9 oktober p\u00e5 Stockholmsm\u00e4ssan<\/strong>. Det \u00e4r Nordens st\u00f6rsta boendem\u00e4ssa med produkter f\u00f6r hela hemmet. En komplett m\u00f6tesplats f\u00f6r dig som ska renovera, bygga om eller vill ha ny inspiration.<\/p>\n<p>Vi finns p\u00e5 plats med v\u00e5ra isoleringsproffs f\u00f6r\u00a0att visa och ber\u00e4tta om hur man enkelt kan spara pengar och milj\u00f6 n\u00e4r man\u00a0till\u00e4ggsisolerar med l\u00f6sull. <strong>V\u00e4lkommen till monter A05:51.<\/strong><\/p>\n<p><a href=\"http:\/\/stockholm.hemochvilla.se\" target=\"_blank\">L\u00e4s mer om m\u00e4ssan h\u00e4r.<\/a><\/p>\n","protected":false},"excerpt":{"rendered":"<p>Efter\u00a0Bom\u00e4ssan i Link\u00f6ping s\u00e5\u00a0laddar vi om f\u00f6r n\u00e4sta m\u00e4ssa &#8211;\u00a0Hem, villa &amp; bostadsr\u00e4tt, 6-9 oktober p\u00e5 Stockholmsm\u00e4ssan. Det \u00e4r Nordens st\u00f6rsta boendem\u00e4ssa med produkter f\u00f6r hela hemmet. En komplett m\u00f6tesplats f\u00f6r dig som ska renovera, bygga om eller vill ha ny inspiration. Vi finns p\u00e5 plats med v\u00e5ra isoleringsproffs f\u00f6r\u00a0att visa och ber\u00e4tta om hur &#8230;<\/p>\n","protected":false},"author":77,"featured_media":65,"comment_status":"open","ping_status":"open","sticky":false,"template":"","format":"standard","meta":{"_monsterinsights_skip_tracking":false,"_monsterinsights_sitenote_active":false,"_monsterinsights_sitenote_note":"","_monsterinsights_sitenote_category":0,"_links_to":"","_links_to_target":""},"categories":[1],"tags":[],"_links":{"self":[{"href":"https:\/\/hallbartbyggande.com\/eniva\/wp-json\/wp\/v2\/posts\/64"}],"collection":[{"href":"https:\/\/hallbartbyggande.com\/eniva\/wp-json\/wp\/v2\/posts"}],"about":[{"href":"https:\/\/hallbartbyggande.com\/eniva\/wp-json\/wp\/v2\/types\/post"}],"author":[{"embeddable":true,"href":"https:\/\/hallbartbyggande.com\/eniva\/wp-json\/wp\/v2\/users\/77"}],"replies":[{"embeddable":true,"href":"https:\/\/hallbartbyggande.com\/eniva\/wp-json\/wp\/v2\/comments?post=64"}],"version-history":[{"count":1,"href":"https:\/\/hallbartbyggande.com\/eniva\/wp-json\/wp\/v2\/posts\/64\/revisions"}],"predecessor-version":[{"id":66,"href":"https:\/\/hallbartbyggande.com\/eniva\/wp-json\/wp\/v2\/posts\/64\/revisions\/66"}],"wp:featuredmedia":[{"embeddable":true,"href":"https:\/\/hallbartbyggande.com\/eniva\/wp-json\/wp\/v2\/media\/65"}],"wp:attachment":[{"href":"https:\/\/hallbartbyggande.com\/eniva\/wp-json\/wp\/v2\/media?parent=64"}],"wp:term":[{"taxonomy":"category","embeddable":true,"href":"https:\/\/hallbartbyggande.com\/eniva\/wp-json\/wp\/v2\/categories?post=64"},{"taxonomy":"post_tag","embeddable":true,"href":"https:\/\/hallbartbyggande.com\/eniva\/wp-json\/wp\/v2\/tags?post=64"}],"curies":[{"name":"wp","href":"https:\/\/api.w.org\/{rel}","templated":true}]}}