										  
											  
											 {"id":110,"date":"2017-10-11T10:52:03","date_gmt":"2017-10-11T08:52:03","guid":{"rendered":"http:\/\/hallbartbyggande.com\/feab\/?p=110"},"modified":"2017-10-11T10:55:48","modified_gmt":"2017-10-11T08:55:48","slug":"tva-ledande-losullsinstallatorer-gar-samman","status":"publish","type":"post","link":"https:\/\/hallbartbyggande.com\/eniva\/tva-ledande-losullsinstallatorer-gar-samman\/","title":{"rendered":"Tv\u00e5 ledande l\u00f6sullsinstallat\u00f6rer g\u00e5r samman"},"content":{"rendered":"<p><a href=\"http:\/\/hallbartbyggande.com\/feab\/wp-content\/blogs.dir\/sites\/75\/2017\/10\/feab-cremab_vind.jpg\"><img decoding=\"async\" loading=\"lazy\" class=\"alignnone size-large wp-image-111\" src=\"http:\/\/hallbartbyggande.com\/feab\/wp-content\/blogs.dir\/sites\/75\/2017\/10\/feab-cremab_vind-1024x538.jpg\" alt=\"\" width=\"785\" height=\"412\" srcset=\"https:\/\/hallbartbyggande.com\/eniva\/wp-content\/blogs.dir\/sites\/75\/2017\/10\/feab-cremab_vind-1024x538.jpg 1024w, https:\/\/hallbartbyggande.com\/eniva\/wp-content\/blogs.dir\/sites\/75\/2017\/10\/feab-cremab_vind-720x378.jpg 720w, https:\/\/hallbartbyggande.com\/eniva\/wp-content\/blogs.dir\/sites\/75\/2017\/10\/feab-cremab_vind-768x403.jpg 768w, https:\/\/hallbartbyggande.com\/eniva\/wp-content\/blogs.dir\/sites\/75\/2017\/10\/feab-cremab_vind.jpg 1200w\" sizes=\"(max-width: 785px) 100vw, 785px\" \/><\/a><\/p>\n<p><strong>\u00c4garna till Cremab Isolering AB och FEAB Isolerproffs AB med dotterbolagen FEAB Isolerproffs \u00d6st AB och FEAB Isolerproffs Syd AB har beslutat att sl\u00e5 samman verksamheterna. <\/strong><\/p>\n<p>Svensk byggindustri g\u00e5r p\u00e5 h\u00f6gvarv och efterfr\u00e5gan p\u00e5 energieffektivisering \u00f6kar konstant, d\u00e4rf\u00f6r bed\u00f6ms tidpunkten f\u00f6r en sammanslagning vara optimal. De tv\u00e5 organisationerna kompletterar varandra v\u00e4l och kommer tillsammans bidra till \u00f6kad kundnytta.<\/p>\n<h2>Sammanslagningen \u00e4r starten f\u00f6r fortsatt tillv\u00e4xt<\/h2>\n<p>Det \u00e4r tv\u00e5 ledande och i branschen v\u00e4lk\u00e4nda f\u00f6retag som nu g\u00e5r samman till en starkare akt\u00f6r. Tillv\u00e4xtambitionerna stannar dock inte h\u00e4r och m\u00e5ls\u00e4ttningen \u00e4r att v\u00e4xa ytterligare b\u00e5de organiskt och genom kompletterande f\u00f6rv\u00e4rv.<\/p>\n<p><em>&#8211; Vi ser en \u00f6kad efterfr\u00e5gan p\u00e5 v\u00e5ra tj\u00e4nster, inte minst l\u00f6sull i v\u00e4ggkonstruktioner. Strategin \u00e4r att integrera v\u00e5ra verksamheter och p\u00e5 s\u00e5 s\u00e4tt skapa en effektivare organisation med \u00e4nnu h\u00f6gre leveransprecision. Sammanslagningen ger oss en unik marknadsposition att leverera med egen organisation \u00f6ver hela Sverige,<\/em> <strong>Robin Seger<\/strong>, vd f\u00f6r Cremab Isolering AB.<\/p>\n<p>Bolagen kommer under innevarande \u00e5r verka vidare under sina befintliga namn och arbeta fram en varum\u00e4rkesstrategi som lanseras under 2018.<\/p>\n<p><em>&#8211; Det h\u00e4r \u00e4r en utveckling som ger oss ett \u00e4nnu mer gediget kunnande och tillg\u00e5ng till en bred s\u00e4ljorganisation. Samg\u00e5endet ger oss en unik samlad erfarenhet av effektiva och l\u00f6nsamma energisparl\u00f6sningar och ett produktsortiment som uppfyller alla krav och t\u00e4cker alla behov av isolering,<\/em> <strong>Mikael Bennarp<\/strong>, aff\u00e4rsutvecklare p\u00e5 FEAB Isolerproffs AB.<\/p>\n<p>Tillsammans kommer koncernen ha 85 erfarna medarbetare med l\u00e5ng branscherfarenhet och en organisation som v\u00e4l t\u00e4cker de tre storstadsregionerna Stockholm, G\u00f6teborg och Malm\u00f6.<\/p>\n<p>Huvudkontoret f\u00f6r den nya koncernen hamnar i Cremabs lokaler i T\u00e4by, strax norr om Stockholm. Uppsala-dep\u00e5n samt Bandhagen-dep\u00e5n beh\u00e5lls f\u00f6r att kunna serva Stockholm\/M\u00e4lardalen\/Uppsala med h\u00f6g leveranss\u00e4kerhet. Kontoren i Norrk\u00f6ping, G\u00f6teborg och Landskrona forts\u00e4tter som tidigare.<\/p>\n<p>&nbsp;<\/p>\n<table border=\"0\" width=\"100%\">\n<tbody>\n<tr>\n<td><strong>Cremab Isolering AB<\/strong><br \/>\nRobin Seger, VD<br \/>\n070-489 91 04<br \/>\n<a href=\"mailto:robin.seger@cremab.se\">robin.seger@cremab.se<\/a><\/td>\n<td><\/td>\n<td><strong>FEAB Isolerproffs AB<\/strong><br \/>\nMikael Bennarp, Aff\u00e4rsutvecklare<br \/>\n08-94 04 05<br \/>\n<a href=\"mailto:mikael.bennarp@isolerproffs.se\">mikael.bennarp@isolerproffs.se<\/a><\/td>\n<\/tr>\n<\/tbody>\n<\/table>\n<hr \/>\n<p>&nbsp;<\/p>\n<p><a href=\"http:\/\/www.isolerproffs.se\/wp-content\/uploads\/2017\/10\/Pressrelease-2017-10-09.pdf\" target=\"_blank\" rel=\"noopener\">Pressrelease 2017-10-09<\/a> (PDF)<br \/>\n<a href=\"http:\/\/www.cremab.se\" target=\"_blank\" rel=\"noopener\">www.cremab.se<br \/>\n<\/a><a href=\"http:\/\/www.isolerproffs.se\">www.isolerproffs.se<\/a><\/p>\n","protected":false},"excerpt":{"rendered":"<p>\u00c4garna till Cremab Isolering AB och FEAB Isolerproffs AB med dotterbolagen FEAB Isolerproffs \u00d6st AB och FEAB Isolerproffs Syd AB har beslutat att sl\u00e5 samman verksamheterna. Svensk byggindustri g\u00e5r p\u00e5 h\u00f6gvarv och efterfr\u00e5gan p\u00e5 energieffektivisering \u00f6kar konstant, d\u00e4rf\u00f6r bed\u00f6ms tidpunkten f\u00f6r en sammanslagning vara optimal. De tv\u00e5 organisationerna kompletterar varandra v\u00e4l och kommer tillsammans bidra &#8230;<\/p>\n","protected":false},"author":77,"featured_media":111,"comment_status":"open","ping_status":"open","sticky":false,"template":"","format":"standard","meta":{"_monsterinsights_skip_tracking":false,"_monsterinsights_sitenote_active":false,"_monsterinsights_sitenote_note":"","_monsterinsights_sitenote_category":0,"_links_to":"","_links_to_target":""},"categories":[1],"tags":[],"_links":{"self":[{"href":"https:\/\/hallbartbyggande.com\/eniva\/wp-json\/wp\/v2\/posts\/110"}],"collection":[{"href":"https:\/\/hallbartbyggande.com\/eniva\/wp-json\/wp\/v2\/posts"}],"about":[{"href":"https:\/\/hallbartbyggande.com\/eniva\/wp-json\/wp\/v2\/types\/post"}],"author":[{"embeddable":true,"href":"https:\/\/hallbartbyggande.com\/eniva\/wp-json\/wp\/v2\/users\/77"}],"replies":[{"embeddable":true,"href":"https:\/\/hallbartbyggande.com\/eniva\/wp-json\/wp\/v2\/comments?post=110"}],"version-history":[{"count":4,"href":"https:\/\/hallbartbyggande.com\/eniva\/wp-json\/wp\/v2\/posts\/110\/revisions"}],"predecessor-version":[{"id":115,"href":"https:\/\/hallbartbyggande.com\/eniva\/wp-json\/wp\/v2\/posts\/110\/revisions\/115"}],"wp:featuredmedia":[{"embeddable":true,"href":"https:\/\/hallbartbyggande.com\/eniva\/wp-json\/wp\/v2\/media\/111"}],"wp:attachment":[{"href":"https:\/\/hallbartbyggande.com\/eniva\/wp-json\/wp\/v2\/media?parent=110"}],"wp:term":[{"taxonomy":"category","embeddable":true,"href":"https:\/\/hallbartbyggande.com\/eniva\/wp-json\/wp\/v2\/categories?post=110"},{"taxonomy":"post_tag","embeddable":true,"href":"https:\/\/hallbartbyggande.com\/eniva\/wp-json\/wp\/v2\/tags?post=110"}],"curies":[{"name":"wp","href":"https:\/\/api.w.org\/{rel}","templated":true}]}}