										  
											  
											 {"id":64,"date":"2016-06-14T08:28:40","date_gmt":"2016-06-14T06:28:40","guid":{"rendered":"http:\/\/hallbartbyggande.com\/bengtdahlgren\/?p=64"},"modified":"2016-06-14T08:28:53","modified_gmt":"2016-06-14T06:28:53","slug":"bengt-dahlgren-pa-brandkonferensen-2016","status":"publish","type":"post","link":"https:\/\/hallbartbyggande.com\/bengtdahlgren\/bengt-dahlgren-pa-brandkonferensen-2016\/","title":{"rendered":"Bengt Dahlgren p\u00e5 Brandkonferensen 2016"},"content":{"rendered":"<h3>En st\u00f6rre andel \u00e4ldre, nya byggnadss\u00e4tt och byggnadsmaterial samt f\u00f6ljderna av flyktingstr\u00f6mmen g\u00f6r att Sverige st\u00e5r inf\u00f6r stora brands\u00e4kerhetsutmaningar. Malin Vester var under panelsamtalet representant f\u00f6r konsultsidan och menar att det framf\u00f6r allt handlar om att etablera en b\u00e4ttre fungerande dialog parterna emellan.<\/h3>\n<p>\u2013 Det \u00e4r ett bekymmer att olika kommuner jobbar s\u00e5 olika med brandskyddsfr\u00e5gor i bygglovs- och byggprocessen. Dessutom m\u00e5ste vi i vissa fall ocks\u00e5 h\u00f6ja kunskapsniv\u00e5n, s\u00e5 att vi g\u00f6r r\u00e4tt i byggprocessen, s\u00e4ger hon.<\/p>\n<p><strong>Vad tar du med dig fr\u00e5n konferensen?<\/strong><\/p>\n<p>\u2013 Det hade varit bra om det varit med fler akt\u00f6rer fr\u00e5n fler branscher. Det beh\u00f6vs en bred dialog och det \u00e4r nyttigt att ses och prata med varandra, s\u00e4ger hon.<\/p>\n<p>F\u00f6rutom Malin Vester deltog Samuel Nystr\u00f6m fr\u00e5n R\u00e4ddningstj\u00e4nsten J\u00f6nk\u00f6ping och \u00d6rjan N\u00e4sslander fr\u00e5n Hammar\u00f6 kommun i panelsamtalet.<\/p>\n<p>BRAND-konferensen arrangeras varje \u00e5r av Sveriges Brandbef\u00e4l (SBB) och Brandskyddsf\u00f6reningen och v\u00e4nder sig till anst\u00e4llda och f\u00f6rtroendevalda i kommuner som \u00e4r verksamma inom omr\u00e5det skydd mot olyckor.<\/p>\n","protected":false},"excerpt":{"rendered":"<p>En st\u00f6rre andel \u00e4ldre, nya byggnadss\u00e4tt och byggnadsmaterial samt f\u00f6ljderna av flyktingstr\u00f6mmen g\u00f6r att Sverige st\u00e5r inf\u00f6r stora brands\u00e4kerhetsutmaningar. Malin Vester var under panelsamtalet representant f\u00f6r konsultsidan och menar att det framf\u00f6r allt handlar om att etablera en b\u00e4ttre fungerande dialog parterna emellan. \u2013 Det \u00e4r ett bekymmer att olika kommuner jobbar s\u00e5 olika med &#8230;<\/p>\n","protected":false},"author":48,"featured_media":65,"comment_status":"open","ping_status":"open","sticky":false,"template":"","format":"standard","meta":{"_monsterinsights_skip_tracking":false,"_monsterinsights_sitenote_active":false,"_monsterinsights_sitenote_note":"","_monsterinsights_sitenote_category":0,"_links_to":"","_links_to_target":""},"categories":[1],"tags":[],"_links":{"self":[{"href":"https:\/\/hallbartbyggande.com\/bengtdahlgren\/wp-json\/wp\/v2\/posts\/64"}],"collection":[{"href":"https:\/\/hallbartbyggande.com\/bengtdahlgren\/wp-json\/wp\/v2\/posts"}],"about":[{"href":"https:\/\/hallbartbyggande.com\/bengtdahlgren\/wp-json\/wp\/v2\/types\/post"}],"author":[{"embeddable":true,"href":"https:\/\/hallbartbyggande.com\/bengtdahlgren\/wp-json\/wp\/v2\/users\/48"}],"replies":[{"embeddable":true,"href":"https:\/\/hallbartbyggande.com\/bengtdahlgren\/wp-json\/wp\/v2\/comments?post=64"}],"version-history":[{"count":2,"href":"https:\/\/hallbartbyggande.com\/bengtdahlgren\/wp-json\/wp\/v2\/posts\/64\/revisions"}],"predecessor-version":[{"id":67,"href":"https:\/\/hallbartbyggande.com\/bengtdahlgren\/wp-json\/wp\/v2\/posts\/64\/revisions\/67"}],"wp:featuredmedia":[{"embeddable":true,"href":"https:\/\/hallbartbyggande.com\/bengtdahlgren\/wp-json\/wp\/v2\/media\/65"}],"wp:attachment":[{"href":"https:\/\/hallbartbyggande.com\/bengtdahlgren\/wp-json\/wp\/v2\/media?parent=64"}],"wp:term":[{"taxonomy":"category","embeddable":true,"href":"https:\/\/hallbartbyggande.com\/bengtdahlgren\/wp-json\/wp\/v2\/categories?post=64"},{"taxonomy":"post_tag","embeddable":true,"href":"https:\/\/hallbartbyggande.com\/bengtdahlgren\/wp-json\/wp\/v2\/tags?post=64"}],"curies":[{"name":"wp","href":"https:\/\/api.w.org\/{rel}","templated":true}]}}