										  
											  
											 {"id":104,"date":"2019-02-07T07:57:08","date_gmt":"2019-02-07T06:57:08","guid":{"rendered":"https:\/\/hallbartbyggande.com\/bengtdahlgren\/?p=104"},"modified":"2019-02-07T07:58:25","modified_gmt":"2019-02-07T06:58:25","slug":"nationalmuseum-nominerat-till-arets-bygge-och-kasper-salin-priset","status":"publish","type":"post","link":"https:\/\/hallbartbyggande.com\/bengtdahlgren\/nationalmuseum-nominerat-till-arets-bygge-och-kasper-salin-priset\/","title":{"rendered":"Nationalmuseum nominerat till \u00c5rets Bygge och Kasper Salin-priset"},"content":{"rendered":"<p><a href=\"https:\/\/hallbartbyggande.com\/bengtdahlgren\/wp-content\/blogs.dir\/sites\/48\/2019\/02\/sltlhakxb0tyt7owz1ci.jpg\"><img decoding=\"async\" loading=\"lazy\" class=\"size-medium wp-image-105\" src=\"https:\/\/hallbartbyggande.com\/bengtdahlgren\/wp-content\/blogs.dir\/sites\/48\/2019\/02\/sltlhakxb0tyt7owz1ci-300x203.jpg\" alt=\"\" width=\"300\" height=\"203\" srcset=\"https:\/\/hallbartbyggande.com\/bengtdahlgren\/wp-content\/blogs.dir\/sites\/48\/2019\/02\/sltlhakxb0tyt7owz1ci-300x203.jpg 300w, https:\/\/hallbartbyggande.com\/bengtdahlgren\/wp-content\/blogs.dir\/sites\/48\/2019\/02\/sltlhakxb0tyt7owz1ci-768x518.jpg 768w, https:\/\/hallbartbyggande.com\/bengtdahlgren\/wp-content\/blogs.dir\/sites\/48\/2019\/02\/sltlhakxb0tyt7owz1ci-1024x691.jpg 1024w, https:\/\/hallbartbyggande.com\/bengtdahlgren\/wp-content\/blogs.dir\/sites\/48\/2019\/02\/sltlhakxb0tyt7owz1ci-600x405.jpg 600w\" sizes=\"(max-width: 300px) 100vw, 300px\" \/><\/a><\/p>\n<p>Nationalmuseum \u00e4r nominerat till inte en utan tv\u00e5 prestigefyllda utm\u00e4rkelser. \u00c5rets Bygge och Kasper Salin-priset! Vi p\u00e5\u00a0Bengt Dahlgren \u00e4r otroligt stolta \u00f6ver att ha varit en del av detta otroligt intressanta och prestigefyllda projekt.\u200b<\/p>\n<p>&nbsp;<\/p>\n<p><strong>\u00c5rets Bygge<\/strong> lyfter fram exempel p\u00e5 det b\u00e4sta sektorn presterar i kvalitet, samarbete i projektet, ekonomi och form. \u00c5rets Bygge<br \/>\narrangeras av tidningen Byggindustrin och Business Arena med Svensk Byggtj\u00e4nst som samarbetspartner.<br \/>\nNomineringarna utg\u00f6rs av Byggindustrins projektreportage.<\/p>\n<p>Varje \u00e5r nomineras totalt 20 projekt. D\u00e4refter tar en expertjury vid och utser en segrare.<br \/>\nVinnaren koras p\u00e5 \u00c5rets Bygge-galan den 26 mars 2019.<\/p>\n<p>&nbsp;<\/p>\n<div class=\"NFQFxe oHglmf xzPb7d viOShc mod\" lang=\"sv-SE\">\n<div id=\"media_result_group\" class=\"kno-mrg-hnm kno-mrg-si kno-mrg kno-swp\">\n<div class=\"AX4s9b kno-ibrg\">\n<div class=\"img-brk\">\n<div class=\"birrg\">\n<div class=\"iukp0 kno-fb-ctx img-kc-m rg_el ivg-i\"><\/div>\n<\/div>\n<\/div>\n<\/div>\n<\/div>\n<\/div>\n<div class=\"mod\" lang=\"sv-SE\">\n<div class=\"LGOjhe\" role=\"heading\"><span class=\"ILfuVd\"><b>Kasper Salin<\/b>&#8211;<b>priset<\/b>\u00a0\u00e4r ett Sveriges \u00e4ldsta och mest v\u00e4lk\u00e4nda arkitekturpris.\u00a0Kasper Salin-priset\u00a0utdelas \u00e5rligen av Sveriges Arkitekter till ett svenskt nybyggt byggnadsverk eller grupp av byggnader som bed\u00f6ms vara av h\u00f6g arkitektonisk klass.<\/span><\/div>\n<\/div>\n<div role=\"heading\"><\/div>\n<div role=\"heading\"><\/div>\n<div role=\"heading\"><\/div>\n<div role=\"heading\"><\/div>\n<div role=\"heading\"><\/div>\n<div role=\"heading\"><\/div>\n<div role=\"heading\"><\/div>\n<div role=\"heading\"><\/div>\n<div class=\"mod\" lang=\"sv-SE\">\n<div class=\"LGOjhe\" role=\"heading\"><\/div>\n<\/div>\n<span class='highlight' >\n<div class=\"mod\" lang=\"sv-SE\">\n<div class=\"LGOjhe\" role=\"heading\"><strong><a href=\"http:\/\/byggindustrin.se\/artikel\/fordjupning\/rustad-hogborg-nationalskatter-27296\">L\u00e4s mer om \u00c5rets Bygge h\u00e4r.<\/a><\/strong><\/div>\n<\/div>\n<p><strong><a href=\"https:\/\/www.mynewsdesk.com\/se\/bengtdahlgren\/pressreleases\/nationalmuseum-nominerat-till-kasper-salin-priset-2832413\">L\u00e4s mer om Kasper Salin-priset\u00a0h\u00e4r.<\/a><\/strong><\/p>\n<p><strong><a href=\"https:\/\/bengtdahlgren.se\/project\/nationalmuseum\/\">L\u00e4s mer om Bengt Dahlgrens del i renoveringen h\u00e4r.<\/a><\/strong><\/p>\n<\/span>\n<p>&nbsp;<\/p>\n","protected":false},"excerpt":{"rendered":"<p>Nationalmuseum \u00e4r nominerat till inte en utan tv\u00e5 prestigefyllda utm\u00e4rkelser. \u00c5rets Bygge och Kasper Salin-priset! Vi p\u00e5\u00a0Bengt Dahlgren \u00e4r otroligt stolta \u00f6ver att ha varit en del av detta otroligt intressanta och prestigefyllda projekt.\u200b &nbsp; \u00c5rets Bygge lyfter fram exempel p\u00e5 det b\u00e4sta sektorn presterar i kvalitet, samarbete i projektet, ekonomi och form. \u00c5rets Bygge &#8230;<\/p>\n","protected":false},"author":48,"featured_media":0,"comment_status":"open","ping_status":"open","sticky":false,"template":"","format":"standard","meta":{"_monsterinsights_skip_tracking":false,"_monsterinsights_sitenote_active":false,"_monsterinsights_sitenote_note":"","_monsterinsights_sitenote_category":0,"_links_to":"","_links_to_target":""},"categories":[1],"tags":[23,24,22,21],"_links":{"self":[{"href":"https:\/\/hallbartbyggande.com\/bengtdahlgren\/wp-json\/wp\/v2\/posts\/104"}],"collection":[{"href":"https:\/\/hallbartbyggande.com\/bengtdahlgren\/wp-json\/wp\/v2\/posts"}],"about":[{"href":"https:\/\/hallbartbyggande.com\/bengtdahlgren\/wp-json\/wp\/v2\/types\/post"}],"author":[{"embeddable":true,"href":"https:\/\/hallbartbyggande.com\/bengtdahlgren\/wp-json\/wp\/v2\/users\/48"}],"replies":[{"embeddable":true,"href":"https:\/\/hallbartbyggande.com\/bengtdahlgren\/wp-json\/wp\/v2\/comments?post=104"}],"version-history":[{"count":6,"href":"https:\/\/hallbartbyggande.com\/bengtdahlgren\/wp-json\/wp\/v2\/posts\/104\/revisions"}],"predecessor-version":[{"id":111,"href":"https:\/\/hallbartbyggande.com\/bengtdahlgren\/wp-json\/wp\/v2\/posts\/104\/revisions\/111"}],"wp:attachment":[{"href":"https:\/\/hallbartbyggande.com\/bengtdahlgren\/wp-json\/wp\/v2\/media?parent=104"}],"wp:term":[{"taxonomy":"category","embeddable":true,"href":"https:\/\/hallbartbyggande.com\/bengtdahlgren\/wp-json\/wp\/v2\/categories?post=104"},{"taxonomy":"post_tag","embeddable":true,"href":"https:\/\/hallbartbyggande.com\/bengtdahlgren\/wp-json\/wp\/v2\/tags?post=104"}],"curies":[{"name":"wp","href":"https:\/\/api.w.org\/{rel}","templated":true}]}}